{"id":122333,"date":"2021-07-25T10:03:13","date_gmt":"2021-07-25T14:03:13","guid":{"rendered":"https:\/\/linitiative.ca\/International\/indh-contribution-remarquable-au-profit-des-categories-ciblees\/"},"modified":"2021-07-25T10:03:13","modified_gmt":"2021-07-25T14:03:13","slug":"indh-contribution-remarquable-au-profit-des-categories-ciblees","status":"publish","type":"post","link":"https:\/\/linitiative.ca\/International\/indh-contribution-remarquable-au-profit-des-categories-ciblees\/","title":{"rendered":"INDH: Contribution remarquable au profit des cat\u00e9gories cibl\u00e9es"},"content":{"rendered":"<div>\n<div style=\"margin-bottom:20px;\"><img loading=\"lazy\" decoding=\"async\" width=\"750\" height=\"430\" src=\"https:\/\/linitiative.ca\/International\/wp-content\/uploads\/sites\/23\/2021\/07\/INDH-youssoufia-1-copier.jpg\" class=\"attachment-post-thumbnail size-post-thumbnail wp-post-image\" alt=\"\" srcset=\"https:\/\/linitiative.ca\/International\/wp-content\/uploads\/sites\/23\/2021\/07\/INDH-youssoufia-1-copier.jpg 750w, http:\/\/www.mapmarrakech.ma\/map\/uploads\/2021\/07\/INDH-youssoufia-1-copier-300x172.jpg 300w\" sizes=\"auto, (max-width: 750px) 100vw, 750px\"><\/div>\n<p>Ce chantier Royal de grande envergue, actuellement, en sa 3\u00e8 Phase se veut un v\u00e9ritable acteur de croissance et de d\u00e9veloppement en ce qu\u2019il permet, dans le cadre d\u2019une approche participative et int\u00e9gr\u00e9e, d\u2019atteindre des r\u00e9sultats palpables et de s\u2019attaquer \u00e0 des probl\u00e9matiques li\u00e9es au d\u00e9veloppement, en apportant des solutions inclusives et bien r\u00e9fl\u00e9chies destin\u00e9es, in fine, \u00e0 assurer bien-\u00eatre et \u00e9panouissement des cat\u00e9gories sociales les plus expos\u00e9es \u00e0 la vuln\u00e9rabilit\u00e9 et la pr\u00e9carit\u00e9 ainsi que les jeunes en les incitant \u00e0 la pers\u00e9v\u00e9rance et au travail \u00e9difiant.<\/p>\n<p>Pour sa seule phase 3, l\u2019INDH au niveau de cette partie du territoire national, a permis d\u2019atteindre des r\u00e9sultats positifs, avec un bilan reluisant comme en t\u00e9moigne, dans ce sens, la r\u00e9alisation de quelque 116 projets, pour une enveloppe budg\u00e9taire de plus de 36 millions de DH (MDH), dont la contribution de l\u2019Initiative s\u2019\u00e9l\u00e8ve \u00e0 pr\u00e8s de 30 MDH, a expliqu\u00e9 M. Barhim Eddou, chef de la Division de l\u2019Action Sociale (DAS) relevant de la province de Youssoufia, \u00e0 M24, la Chaine de t\u00e9l\u00e9vision de l\u2019information en continu de la MAP.<\/p>\n<p>Et M. Eddou de poursuivre que ces projets ont concern\u00e9 les 4 programmes inclus dans le cadre de la 3\u00e8 Phase de l\u2019INDH \u00e0 savoir : \u00ab\u00a0Rattrapage des d\u00e9ficits en infrastructures et services sociaux de base\u00a0\u00bb, \u00ab\u00a0Accompagnement des personnes en situation de pr\u00e9carit\u00e9\u00a0\u00bb, \u00ab\u00a0Am\u00e9lioration du revenu et inclusion \u00e9conomique des jeunes\u00a0\u00bb, et \u00ab\u00a0Impulsion du capital humain des g\u00e9n\u00e9rations montantes\u00a0\u00bb.<\/p>\n<p>S\u2019agissant de l\u2019accompagnement des personnes en situation de pr\u00e9carit\u00e9, il a \u00e9t\u00e9 proc\u00e9d\u00e9 \u00e0 la r\u00e9alisation de 8 projets, d\u2019un montant de pr\u00e8s de 6.700.000 DH, portant sur l\u2019am\u00e9nagement et l\u2019\u00e9quipement des Centres d\u2019accueil et d\u2019h\u00e9bergement des personnes en situation de handicap, la construction d\u2019un nouveau Centre multidisciplinaire pour personnes en situation de pr\u00e9carit\u00e9 dans la ville de Chema\u00efa, outre les d\u00e9penses de fonctionnement de l\u2019ensemble des coop\u00e9ratives agissant en faveur de l\u2019am\u00e9lioration des conditions socio-\u00e9conomiques de ces cat\u00e9gories sociales, a expliqu\u00e9, M. Eddou.<\/p>\n<p>Il s\u2019agit de m\u00eame de l\u2019\u00e9quipement et de l\u2019am\u00e9nagement de la Maison des personnes \u00e2g\u00e9es (Dar Al Moussinine) \u00e0 Chema\u00efa, ainsi que d\u2019un Centre pour enfants abandonn\u00e9s dans la m\u00eame ville, a-t-il poursuivi.<\/p>\n<p>Concernant le programme \u00ab\u00a0am\u00e9lioration du revenu et inclusion \u00e9conomique des jeunes\u00a0\u00bb, il a \u00e9t\u00e9 proc\u00e9d\u00e9 \u00e0 son activation dans le cadre de la Convention de partenariat conclue entre le gouvernement du Maroc et la Banque Mondiale, comme \u00ab\u00a0\u00e9tape de r\u00e9f\u00e9rence\u00a0\u00bb au niveau de la r\u00e9gion Marrakech- Safi, a ajout\u00e9 M. Eddou.<\/p>\n<p>Dans le cadre de cette Convention, a-t-il relev\u00e9, quelque 17 projets ont \u00e9t\u00e9 financ\u00e9s au profit de 24 b\u00e9n\u00e9ficiaires et ce, dans le cadre de l\u2019encouragement de l\u2019entrepreneuriat chez les jeunes, outre le lancement de deux plateformes pour les jeunes qui seront op\u00e9rationnelles avant la fin de l\u2019ann\u00e9e en cours, dont une au niveau de la ville de Youssoufia, sous la supervision du Centre R\u00e9gional d\u2019Investissement (CRI) de Marrakech-Safi.<\/p>\n<p>Cette plateforme se veut un v\u00e9ritable hub de rencontre des diff\u00e9rents acteurs impliqu\u00e9s dans le chantier d\u2019int\u00e9gration des jeunes, a-t-il encha\u00een\u00e9, faisant observer que cette plateforme est de nature \u00e0 offrir des espaces d\u2019accueil, d\u2019\u00e9coute, d\u2019orientation et d\u2019accompagnement en mati\u00e8re de promotion de l\u2019entrepreneuriat.<\/p>\n<p>Quant \u00e0 la seconde plateforme, elle a vu le jour dans la ville de Chema\u00efa, par l\u2019Agence Nationale pour la Promotion de l\u2019Emploi et des Comp\u00e9tences (ANAPEC), avec pour mission la promotion des \u00ab\u00a0Softskills\u00a0\u00bb chez les jeunes talents, en les dotant de comp\u00e9tences en mati\u00e8re d\u2019orientation professionnelle et d\u2019offres et de demandes li\u00e9es au march\u00e9 de l\u2019emploi, a expliqu\u00e9 M. Eddou.<\/p>\n<p>En outre, M. Eddou s\u2019est attard\u00e9 sur le contenu de la Convention de partenariat portant sur l\u2019appui \u00e0 l\u2019\u00e9conomie sociale et solidaire, conclue entre le Groupe OCP, et le Comit\u00e9 Provincial de D\u00e9veloppement Humain (CPDH) de Youssoufia ayant port\u00e9 sur le financement de 133 projets durant les deux premi\u00e8res ann\u00e9es, notant que cette Convention s\u2019\u00e9tale sur une dur\u00e9e de 3 ans, avec un budget de l\u2019ordre de 15 MDH, dont la contribution de l\u2019Initiative d\u00e9passe les 5 MDH.<\/p>\n<p>Concernant le 4\u00e8 programme \u00ab\u00a0impulsion du capital humain des g\u00e9n\u00e9rations montantes\u00a0\u00bb, les actions ont port\u00e9 sur les trois volets fondamentaux \u00e0 savoir : l\u2019am\u00e9lioration de la sant\u00e9 de la m\u00e8re et de l\u2019enfant dans le cadre de l\u2019activation de la convention de partenariat conclue entre le minist\u00e8re de l\u2019Int\u00e9rieur, le minist\u00e8re de la Sant\u00e9 et l\u2019UNICEF, a-t-il poursuivi.<\/p>\n<p>Il s\u2019agit, de m\u00eame, de l\u2019enseignement pr\u00e9scolaire, avec la construction au niveau provincial de quelque 79 unit\u00e9s du pr\u00e9scolaire durant les deux premi\u00e8res ann\u00e9es, alors qu\u2019il sera proc\u00e9d\u00e9 \u00e0 l\u2019inauguration de 57 unit\u00e9s d\u00e8s la rentr\u00e9e scolaire 2021-2022, a fait savoir M. Eddou.<\/p>\n<p>Dans la foul\u00e9e, il a mis l\u2019accent sur l\u2019autre axe se rapportant au soutien scolaire dans le cadre duquel, il a \u00e9t\u00e9 proc\u00e9d\u00e9 \u00e0 l\u2019\u00e9quipement de 5 Dour Attalib et Attaliba (Maisons de l\u2019Etudiant et de l\u2019Etudiante), et 19 salles de lectures au niveau des \u00e9tablissements scolaires, outre la construction et l\u2019\u00e9quipement d\u2019une unit\u00e9 pour l\u2019enregistrement et la diffusion des cours de soutien scolaire.<\/p>\n<p>Ces cours de soutien scolaire ont b\u00e9n\u00e9fici\u00e9 \u00e0 plus de 10.000 \u00e9l\u00e8ves au niveau provincial, a pr\u00e9cis\u00e9 M. Eddou, mettant en relief l\u2019int\u00e9r\u00eat accord\u00e9 aussi \u00e0 la sant\u00e9 scolaire.<\/p>\n<p>Et de conclure que quelque 4.250 \u00e9l\u00e8ves ont pu b\u00e9n\u00e9ficier de campagnes de correction de la vue et de la distribution de lunettes de vue.<\/p>\n<p>The post <a rel=\"nofollow\" href=\"http:\/\/www.mapmarrakech.ma\/fr\/indh-contribution-remarquable-au-profit-des-categories-ciblees\/\">INDH: Contribution remarquable au profit des cat\u00e9gories cibl\u00e9es<\/a> appeared first on <a rel=\"nofollow\" href=\"http:\/\/www.mapmarrakech.ma\/fr\">MapMarrakech<\/a>.<\/p>\n<\/div>\n<p>Auteur: Meriem IGASS<br \/>\n<a href=\"http:\/\/www.mapmarrakech.ma\/fr\/indh-contribution-remarquable-au-profit-des-categories-ciblees\/\">Cliquez ici pour lire l&rsquo;article depuis sa source.<\/a><\/p>\n","protected":false},"excerpt":{"rendered":"<p>Ce chantier Royal de grande envergue, actuellement, en sa 3\u00e8 Phase se veut un v\u00e9ritable acteur de croissance et de d\u00e9veloppement en ce qu\u2019il permet, dans le cadre d\u2019une approche participative et int\u00e9gr\u00e9e, d\u2019atteindre des r\u00e9sultats palpables et de s\u2019attaquer \u00e0 des probl\u00e9matiques li\u00e9es au d\u00e9veloppement, en apportant des solutions inclusives et bien r\u00e9fl\u00e9chies destin\u00e9es, [&hellip;]<\/p>\n","protected":false},"author":1788,"featured_media":0,"comment_status":"closed","ping_status":"closed","sticky":false,"template":"","format":"standard","meta":{"fifu_image_url":"http:\/\/www.mapmarrakech.ma\/map\/uploads\/2021\/07\/INDH-youssoufia-1-copier.jpg","fifu_image_alt":"INDH: Contribution remarquable au profit des cat\u00e9gories cibl\u00e9es","footnotes":""},"categories":[54,76],"tags":[],"class_list":["post-122333","post","type-post","status-publish","format-standard","hentry","category-maroc","category-regions"],"_links":{"self":[{"href":"https:\/\/linitiative.ca\/International\/wp-json\/wp\/v2\/posts\/122333","targetHints":{"allow":["GET"]}}],"collection":[{"href":"https:\/\/linitiative.ca\/International\/wp-json\/wp\/v2\/posts"}],"about":[{"href":"https:\/\/linitiative.ca\/International\/wp-json\/wp\/v2\/types\/post"}],"author":[{"embeddable":true,"href":"https:\/\/linitiative.ca\/International\/wp-json\/wp\/v2\/users\/1788"}],"replies":[{"embeddable":true,"href":"https:\/\/linitiative.ca\/International\/wp-json\/wp\/v2\/comments?post=122333"}],"version-history":[{"count":0,"href":"https:\/\/linitiative.ca\/International\/wp-json\/wp\/v2\/posts\/122333\/revisions"}],"wp:attachment":[{"href":"https:\/\/linitiative.ca\/International\/wp-json\/wp\/v2\/media?parent=122333"}],"wp:term":[{"taxonomy":"category","embeddable":true,"href":"https:\/\/linitiative.ca\/International\/wp-json\/wp\/v2\/categories?post=122333"},{"taxonomy":"post_tag","embeddable":true,"href":"https:\/\/linitiative.ca\/International\/wp-json\/wp\/v2\/tags?post=122333"}],"curies":[{"name":"wp","href":"https:\/\/api.w.org\/{rel}","templated":true}]}}