{"id":122335,"date":"2021-07-25T07:51:28","date_gmt":"2021-07-25T11:51:28","guid":{"rendered":"https:\/\/linitiative.ca\/International\/jo-2020-programme-des-finales-du-mardi\/"},"modified":"2021-07-25T07:51:28","modified_gmt":"2021-07-25T11:51:28","slug":"jo-2020-programme-des-finales-du-mardi","status":"publish","type":"post","link":"https:\/\/linitiative.ca\/International\/jo-2020-programme-des-finales-du-mardi\/","title":{"rendered":"JO-2020: programme des finales du mardi"},"content":{"rendered":"<div>\n<div class=\"field field-name-body field-type-text-with-summary field-label-hidden\">\n<div class=\"field-items\">\n<div class=\"field-item even\" property=\"content:encoded\">\n<p><u>Voici le programme des finales du mardi 27 juillet 2021 (en GMT):<\/u><\/p>\n<p><strong>. Cano\u00eb-kayak &#8211; Slalom<\/strong><\/p>\n<p>(07h15): K1 dames<\/p>\n<p><strong>. Equitation<\/strong><\/p>\n<p>(08h00): Dressage par \u00e9quipes<\/p>\n<p><strong>. Escrime<\/strong><\/p>\n<p>(10h30): Ep\u00e9e par \u00e9quipes dames<\/p>\n<p><strong>. Gymnastique artistique<\/strong><\/p>\n<p>(10h45): Concours par \u00e9quipes dames<\/p>\n<p><strong>. Halt\u00e9rophilie<\/strong><\/p>\n<p>(06h50): -59 kg dames<\/p>\n<p>(10h50): -64 kg dames<\/p>\n<p><strong>. Judo<\/strong><\/p>\n<p>(09h25): -63 kg dames<\/p>\n<p>(09h50): -81 kg messieurs<\/p>\n<\/div>\n<\/div>\n<\/div>\n<\/div>\n<p>Auteur: mbasraoui<br \/>\n<a href=\"https:\/\/www.leconomiste.com\/flash-infos\/jo-2020-programme-des-finales-du-mardi\">Cliquez ici pour lire l&rsquo;article depuis sa source.<\/a><\/p>\n","protected":false},"excerpt":{"rendered":"<p>Voici le programme des finales du mardi 27 juillet 2021 (en GMT): . Cano\u00eb-kayak &#8211; Slalom (07h15): K1 dames . Equitation (08h00): Dressage par \u00e9quipes . Escrime (10h30): Ep\u00e9e par \u00e9quipes dames . Gymnastique artistique (10h45): Concours par \u00e9quipes dames . Halt\u00e9rophilie (06h50): -59 kg dames (10h50): -64 kg dames . Judo (09h25): -63 kg [&hellip;]<\/p>\n","protected":false},"author":1763,"featured_media":0,"comment_status":"closed","ping_status":"closed","sticky":false,"template":"","format":"standard","meta":{"fifu_image_url":"","fifu_image_alt":"","footnotes":""},"categories":[78,54],"tags":[],"class_list":["post-122335","post","type-post","status-publish","format-standard","hentry","category-economie","category-maroc"],"_links":{"self":[{"href":"https:\/\/linitiative.ca\/International\/wp-json\/wp\/v2\/posts\/122335","targetHints":{"allow":["GET"]}}],"collection":[{"href":"https:\/\/linitiative.ca\/International\/wp-json\/wp\/v2\/posts"}],"about":[{"href":"https:\/\/linitiative.ca\/International\/wp-json\/wp\/v2\/types\/post"}],"author":[{"embeddable":true,"href":"https:\/\/linitiative.ca\/International\/wp-json\/wp\/v2\/users\/1763"}],"replies":[{"embeddable":true,"href":"https:\/\/linitiative.ca\/International\/wp-json\/wp\/v2\/comments?post=122335"}],"version-history":[{"count":0,"href":"https:\/\/linitiative.ca\/International\/wp-json\/wp\/v2\/posts\/122335\/revisions"}],"wp:attachment":[{"href":"https:\/\/linitiative.ca\/International\/wp-json\/wp\/v2\/media?parent=122335"}],"wp:term":[{"taxonomy":"category","embeddable":true,"href":"https:\/\/linitiative.ca\/International\/wp-json\/wp\/v2\/categories?post=122335"},{"taxonomy":"post_tag","embeddable":true,"href":"https:\/\/linitiative.ca\/International\/wp-json\/wp\/v2\/tags?post=122335"}],"curies":[{"name":"wp","href":"https:\/\/api.w.org\/{rel}","templated":true}]}}