{"id":122346,"date":"2021-07-25T06:36:42","date_gmt":"2021-07-25T10:36:42","guid":{"rendered":"https:\/\/linitiative.ca\/International\/nous-avons-perdu-80-malades-en-une-semaine\/"},"modified":"2021-07-25T06:36:42","modified_gmt":"2021-07-25T10:36:42","slug":"nous-avons-perdu-80-malades-en-une-semaine","status":"publish","type":"post","link":"https:\/\/linitiative.ca\/International\/nous-avons-perdu-80-malades-en-une-semaine\/","title":{"rendered":"\u00abNous avons perdu 80 malades en une semaine\u00bb"},"content":{"rendered":"<div>\n<div class=\"sriret\"><img decoding=\"async\" src=\"https:\/\/linitiative.ca\/International\/wp-content\/uploads\/sites\/23\/2021\/07\/default-picture-709x366_c-32.jpg\"><\/div>\n<p class=\"p3\"><span class=\"s3\"><b>Directeur des activit\u00e9s m\u00e9dicales et param\u00e9dicales et pr\u00e9sident du Syndicat des professeurs et chercheurs universitaires, le professeur Rachid Belhadj, chef du service de m\u00e9decine l\u00e9gale, alerte sur une <i>\u00abexplosion\u00bb<\/i> du nombre de contaminations durant les jours \u00e0 venir <\/b><\/span><span class=\"s4\">\u03bb<\/span><span class=\"s3\"><b> Dans l\u2019entretien qu\u2019il nous a accord\u00e9, il avance le nombre de 80 d\u00e9c\u00e8s en une semaine et parle de l\u2019hospitalisation de 315 malades avec des formes graves n\u00e9cessitant des quantit\u00e9s de plus en plus importantes d\u2019oxyg\u00e8ne, mais aussi de la n\u00e9cessit\u00e9 d\u2019un reconfinement partiel rapide et urgent, <i>\u00abavant que la situation n\u2019\u00e9chappe au contr\u00f4le\u00bb.<\/i><\/b><\/span><\/p>\n<p>L\u2019article <a rel=\"nofollow\" href=\"https:\/\/www.elwatan.com\/edition\/actualite\/nous-avons-perdu-80-malades-en-une-semaine-25-07-2021\">\u00abNous avons perdu 80 malades en une semaine\u00bb<\/a> est apparu en premier sur <a rel=\"nofollow\" href=\"https:\/\/www.elwatan.com\/\">El Watan<\/a>.<\/p>\n<\/div>\n<p>Auteur: Anis Khecheba<br \/>\n<a href=\"https:\/\/www.elwatan.com\/edition\/actualite\/nous-avons-perdu-80-malades-en-une-semaine-25-07-2021\">Cliquez ici pour lire l&rsquo;article depuis sa source.<\/a><\/p>\n","protected":false},"excerpt":{"rendered":"<p>Directeur des activit\u00e9s m\u00e9dicales et param\u00e9dicales et pr\u00e9sident du Syndicat des professeurs et chercheurs universitaires, le professeur Rachid Belhadj, chef du service de m\u00e9decine l\u00e9gale, alerte sur une \u00abexplosion\u00bb du nombre de contaminations durant les jours \u00e0 venir \u03bb Dans l\u2019entretien qu\u2019il nous a accord\u00e9, il avance le nombre de 80 d\u00e9c\u00e8s en une semaine [&hellip;]<\/p>\n","protected":false},"author":1743,"featured_media":0,"comment_status":"closed","ping_status":"closed","sticky":false,"template":"","format":"standard","meta":{"fifu_image_url":"https:\/\/www.elwatan.com\/wp-content\/themes\/spectr\/img\/default-picture-709x366_c.jpg","fifu_image_alt":"\u00abNous avons perdu 80 malades en une semaine\u00bb","footnotes":""},"categories":[73,53],"tags":[],"class_list":["post-122346","post","type-post","status-publish","format-standard","hentry","category-actualite","category-algerie"],"_links":{"self":[{"href":"https:\/\/linitiative.ca\/International\/wp-json\/wp\/v2\/posts\/122346","targetHints":{"allow":["GET"]}}],"collection":[{"href":"https:\/\/linitiative.ca\/International\/wp-json\/wp\/v2\/posts"}],"about":[{"href":"https:\/\/linitiative.ca\/International\/wp-json\/wp\/v2\/types\/post"}],"author":[{"embeddable":true,"href":"https:\/\/linitiative.ca\/International\/wp-json\/wp\/v2\/users\/1743"}],"replies":[{"embeddable":true,"href":"https:\/\/linitiative.ca\/International\/wp-json\/wp\/v2\/comments?post=122346"}],"version-history":[{"count":0,"href":"https:\/\/linitiative.ca\/International\/wp-json\/wp\/v2\/posts\/122346\/revisions"}],"wp:attachment":[{"href":"https:\/\/linitiative.ca\/International\/wp-json\/wp\/v2\/media?parent=122346"}],"wp:term":[{"taxonomy":"category","embeddable":true,"href":"https:\/\/linitiative.ca\/International\/wp-json\/wp\/v2\/categories?post=122346"},{"taxonomy":"post_tag","embeddable":true,"href":"https:\/\/linitiative.ca\/International\/wp-json\/wp\/v2\/tags?post=122346"}],"curies":[{"name":"wp","href":"https:\/\/api.w.org\/{rel}","templated":true}]}}