{"id":122348,"date":"2021-07-25T06:37:09","date_gmt":"2021-07-25T10:37:09","guid":{"rendered":"https:\/\/linitiative.ca\/International\/des-malades-decedes-a-setif\/"},"modified":"2021-07-25T06:37:09","modified_gmt":"2021-07-25T10:37:09","slug":"des-malades-decedes-a-setif","status":"publish","type":"post","link":"https:\/\/linitiative.ca\/International\/des-malades-decedes-a-setif\/","title":{"rendered":"Des malades d\u00e9c\u00e9d\u00e9s \u00e0 S\u00e9tif"},"content":{"rendered":"<div>\n<div class=\"sriret\"><img decoding=\"async\" src=\"https:\/\/linitiative.ca\/International\/wp-content\/uploads\/sites\/23\/2021\/07\/default-picture-709x366_c-33.jpg\"><\/div>\n<p class=\"p2\"><span class=\"s2\"><b>L<\/b><\/span><span class=\"s2\">a situation est alarmante dans les diff\u00e9rentes structures sanitaires de la wilaya de S\u00e9tif, notamment au Centre hospitalo-universitaire (CHU) o\u00f9 l\u2019on a enregistr\u00e9 de nombreux morts, vendredi 23 juillet. <\/span><\/p>\n<p>L\u2019article <a rel=\"nofollow\" href=\"https:\/\/www.elwatan.com\/edition\/actualite\/des-malades-decedes-a-setif-25-07-2021\">Des malades d\u00e9c\u00e9d\u00e9s \u00e0 S\u00e9tif<\/a> est apparu en premier sur <a rel=\"nofollow\" href=\"https:\/\/www.elwatan.com\/\">El Watan<\/a>.<\/p>\n<\/div>\n<p>Auteur: Anis Khecheba<br \/>\n<a href=\"https:\/\/www.elwatan.com\/edition\/actualite\/des-malades-decedes-a-setif-25-07-2021\">Cliquez ici pour lire l&rsquo;article depuis sa source.<\/a><\/p>\n","protected":false},"excerpt":{"rendered":"<p>La situation est alarmante dans les diff\u00e9rentes structures sanitaires de la wilaya de S\u00e9tif, notamment au Centre hospitalo-universitaire (CHU) o\u00f9 l\u2019on a enregistr\u00e9 de nombreux morts, vendredi 23 juillet. L\u2019article Des malades d\u00e9c\u00e9d\u00e9s \u00e0 S\u00e9tif est apparu en premier sur El Watan. Auteur: Anis Khecheba Cliquez ici pour lire l&rsquo;article depuis sa source.<\/p>\n","protected":false},"author":1743,"featured_media":0,"comment_status":"closed","ping_status":"closed","sticky":false,"template":"","format":"standard","meta":{"fifu_image_url":"https:\/\/www.elwatan.com\/wp-content\/themes\/spectr\/img\/default-picture-709x366_c.jpg","fifu_image_alt":"Des malades d\u00e9c\u00e9d\u00e9s \u00e0 S\u00e9tif","footnotes":""},"categories":[73,53],"tags":[],"class_list":["post-122348","post","type-post","status-publish","format-standard","hentry","category-actualite","category-algerie"],"_links":{"self":[{"href":"https:\/\/linitiative.ca\/International\/wp-json\/wp\/v2\/posts\/122348","targetHints":{"allow":["GET"]}}],"collection":[{"href":"https:\/\/linitiative.ca\/International\/wp-json\/wp\/v2\/posts"}],"about":[{"href":"https:\/\/linitiative.ca\/International\/wp-json\/wp\/v2\/types\/post"}],"author":[{"embeddable":true,"href":"https:\/\/linitiative.ca\/International\/wp-json\/wp\/v2\/users\/1743"}],"replies":[{"embeddable":true,"href":"https:\/\/linitiative.ca\/International\/wp-json\/wp\/v2\/comments?post=122348"}],"version-history":[{"count":0,"href":"https:\/\/linitiative.ca\/International\/wp-json\/wp\/v2\/posts\/122348\/revisions"}],"wp:attachment":[{"href":"https:\/\/linitiative.ca\/International\/wp-json\/wp\/v2\/media?parent=122348"}],"wp:term":[{"taxonomy":"category","embeddable":true,"href":"https:\/\/linitiative.ca\/International\/wp-json\/wp\/v2\/categories?post=122348"},{"taxonomy":"post_tag","embeddable":true,"href":"https:\/\/linitiative.ca\/International\/wp-json\/wp\/v2\/tags?post=122348"}],"curies":[{"name":"wp","href":"https:\/\/api.w.org\/{rel}","templated":true}]}}