{"id":122350,"date":"2021-07-25T06:38:25","date_gmt":"2021-07-25T10:38:25","guid":{"rendered":"https:\/\/linitiative.ca\/International\/etat-dalerte-generale-a-constantine\/"},"modified":"2021-07-25T06:38:25","modified_gmt":"2021-07-25T10:38:25","slug":"etat-dalerte-generale-a-constantine","status":"publish","type":"post","link":"https:\/\/linitiative.ca\/International\/etat-dalerte-generale-a-constantine\/","title":{"rendered":"Etat d\u2019alerte g\u00e9n\u00e9rale \u00e0 Constantine"},"content":{"rendered":"<div>\n<div class=\"sriret\"><img decoding=\"async\" src=\"https:\/\/linitiative.ca\/International\/wp-content\/uploads\/sites\/23\/2021\/07\/default-picture-709x366_c-34.jpg\"><\/div>\n<p class=\"p2\"><span class=\"s2\"><b>L<\/b><\/span><span class=\"s2\">a situation dans les h\u00f4pitaux d\u00e9di\u00e9s \u00e0 la prise en charge des cas Covid \u00e0 Constantine redevient critique. Mais cette fois-ci, ce n\u2019est pas \u00e0 cause du manque de places d\u2019hospitalisation, mais plut\u00f4t en raison du d\u00e9ficit en oxyg\u00e8ne m\u00e9dical.<\/span><\/p>\n<p>L\u2019article <a rel=\"nofollow\" href=\"https:\/\/www.elwatan.com\/edition\/actualite\/etat-dalerte-generale-a-constantine-25-07-2021\">Etat d\u2019alerte g\u00e9n\u00e9rale \u00e0 Constantine<\/a> est apparu en premier sur <a rel=\"nofollow\" href=\"https:\/\/www.elwatan.com\/\">El Watan<\/a>.<\/p>\n<\/div>\n<p>Auteur: Anis Khecheba<br \/>\n<a href=\"https:\/\/www.elwatan.com\/edition\/actualite\/etat-dalerte-generale-a-constantine-25-07-2021\">Cliquez ici pour lire l&rsquo;article depuis sa source.<\/a><\/p>\n","protected":false},"excerpt":{"rendered":"<p>La situation dans les h\u00f4pitaux d\u00e9di\u00e9s \u00e0 la prise en charge des cas Covid \u00e0 Constantine redevient critique. Mais cette fois-ci, ce n\u2019est pas \u00e0 cause du manque de places d\u2019hospitalisation, mais plut\u00f4t en raison du d\u00e9ficit en oxyg\u00e8ne m\u00e9dical. L\u2019article Etat d\u2019alerte g\u00e9n\u00e9rale \u00e0 Constantine est apparu en premier sur El Watan. Auteur: Anis [&hellip;]<\/p>\n","protected":false},"author":1743,"featured_media":0,"comment_status":"closed","ping_status":"closed","sticky":false,"template":"","format":"standard","meta":{"fifu_image_url":"https:\/\/www.elwatan.com\/wp-content\/themes\/spectr\/img\/default-picture-709x366_c.jpg","fifu_image_alt":"Etat d\u2019alerte g\u00e9n\u00e9rale \u00e0 Constantine","footnotes":""},"categories":[73,53],"tags":[],"class_list":["post-122350","post","type-post","status-publish","format-standard","hentry","category-actualite","category-algerie"],"_links":{"self":[{"href":"https:\/\/linitiative.ca\/International\/wp-json\/wp\/v2\/posts\/122350","targetHints":{"allow":["GET"]}}],"collection":[{"href":"https:\/\/linitiative.ca\/International\/wp-json\/wp\/v2\/posts"}],"about":[{"href":"https:\/\/linitiative.ca\/International\/wp-json\/wp\/v2\/types\/post"}],"author":[{"embeddable":true,"href":"https:\/\/linitiative.ca\/International\/wp-json\/wp\/v2\/users\/1743"}],"replies":[{"embeddable":true,"href":"https:\/\/linitiative.ca\/International\/wp-json\/wp\/v2\/comments?post=122350"}],"version-history":[{"count":0,"href":"https:\/\/linitiative.ca\/International\/wp-json\/wp\/v2\/posts\/122350\/revisions"}],"wp:attachment":[{"href":"https:\/\/linitiative.ca\/International\/wp-json\/wp\/v2\/media?parent=122350"}],"wp:term":[{"taxonomy":"category","embeddable":true,"href":"https:\/\/linitiative.ca\/International\/wp-json\/wp\/v2\/categories?post=122350"},{"taxonomy":"post_tag","embeddable":true,"href":"https:\/\/linitiative.ca\/International\/wp-json\/wp\/v2\/tags?post=122350"}],"curies":[{"name":"wp","href":"https:\/\/api.w.org\/{rel}","templated":true}]}}