{"id":122352,"date":"2021-07-25T06:39:13","date_gmt":"2021-07-25T10:39:13","guid":{"rendered":"https:\/\/linitiative.ca\/International\/des-malades-decedent-faute-doxygene\/"},"modified":"2021-07-25T06:39:13","modified_gmt":"2021-07-25T10:39:13","slug":"des-malades-decedent-faute-doxygene","status":"publish","type":"post","link":"https:\/\/linitiative.ca\/International\/des-malades-decedent-faute-doxygene\/","title":{"rendered":"Des malades d\u00e9c\u00e8dent faute d\u2019oxyg\u00e8ne"},"content":{"rendered":"<div>\n<div class=\"sriret\"><img decoding=\"async\" src=\"https:\/\/linitiative.ca\/International\/wp-content\/uploads\/sites\/23\/2021\/07\/default-picture-709x366_c-35.jpg\"><\/div>\n<p class=\"p4\"><span class=\"s2\"><b>L\u2019Alg\u00e9rie a enregistr\u00e9, avant-hier, un nouveau record journalier de contaminations \u00e0 la Covid-19, avec 1350 nouveaux cas r\u00e9cenc\u00e9s au cours de ces derni\u00e8res 24 heures.<\/b><\/span><\/p>\n<p class=\"p4\"><span class=\"s2\"><b>L<\/b><\/span><span class=\"s2\">a recrudescence des cas de contamination \u00e0 la Covid-19 se poursuit de mani\u00e8re alarmante, mettant \u00e0 rude \u00e9preuve le syst\u00e8me de sant\u00e9, d\u00e9j\u00e0 fragile. L\u2019Alg\u00e9rie a enregistr\u00e9, avant-hier, un nouveau record journalier de contaminations \u00e0 la Covid-19, avec 1350 nouveaux cas r\u00e9cens\u00e9s au cours de ces derni\u00e8res 24 heures, a indiqu\u00e9 un communiqu\u00e9 du minist\u00e8re de la Sant\u00e9.<\/span><\/p>\n<p>L\u2019article <a rel=\"nofollow\" href=\"https:\/\/www.elwatan.com\/edition\/actualite\/des-malades-decedent-faute-doxygene-25-07-2021\">Des malades d\u00e9c\u00e8dent faute d\u2019oxyg\u00e8ne<\/a> est apparu en premier sur <a rel=\"nofollow\" href=\"https:\/\/www.elwatan.com\/\">El Watan<\/a>.<\/p>\n<\/div>\n<p>Auteur: Anis Khecheba<br \/>\n<a href=\"https:\/\/www.elwatan.com\/edition\/actualite\/des-malades-decedent-faute-doxygene-25-07-2021\">Cliquez ici pour lire l&rsquo;article depuis sa source.<\/a><\/p>\n","protected":false},"excerpt":{"rendered":"<p>L\u2019Alg\u00e9rie a enregistr\u00e9, avant-hier, un nouveau record journalier de contaminations \u00e0 la Covid-19, avec 1350 nouveaux cas r\u00e9cenc\u00e9s au cours de ces derni\u00e8res 24 heures. La recrudescence des cas de contamination \u00e0 la Covid-19 se poursuit de mani\u00e8re alarmante, mettant \u00e0 rude \u00e9preuve le syst\u00e8me de sant\u00e9, d\u00e9j\u00e0 fragile. L\u2019Alg\u00e9rie a enregistr\u00e9, avant-hier, un nouveau [&hellip;]<\/p>\n","protected":false},"author":1743,"featured_media":0,"comment_status":"closed","ping_status":"closed","sticky":false,"template":"","format":"standard","meta":{"fifu_image_url":"https:\/\/www.elwatan.com\/wp-content\/themes\/spectr\/img\/default-picture-709x366_c.jpg","fifu_image_alt":"Des malades d\u00e9c\u00e8dent faute d\u2019oxyg\u00e8ne","footnotes":""},"categories":[73,53],"tags":[],"class_list":["post-122352","post","type-post","status-publish","format-standard","hentry","category-actualite","category-algerie"],"_links":{"self":[{"href":"https:\/\/linitiative.ca\/International\/wp-json\/wp\/v2\/posts\/122352","targetHints":{"allow":["GET"]}}],"collection":[{"href":"https:\/\/linitiative.ca\/International\/wp-json\/wp\/v2\/posts"}],"about":[{"href":"https:\/\/linitiative.ca\/International\/wp-json\/wp\/v2\/types\/post"}],"author":[{"embeddable":true,"href":"https:\/\/linitiative.ca\/International\/wp-json\/wp\/v2\/users\/1743"}],"replies":[{"embeddable":true,"href":"https:\/\/linitiative.ca\/International\/wp-json\/wp\/v2\/comments?post=122352"}],"version-history":[{"count":0,"href":"https:\/\/linitiative.ca\/International\/wp-json\/wp\/v2\/posts\/122352\/revisions"}],"wp:attachment":[{"href":"https:\/\/linitiative.ca\/International\/wp-json\/wp\/v2\/media?parent=122352"}],"wp:term":[{"taxonomy":"category","embeddable":true,"href":"https:\/\/linitiative.ca\/International\/wp-json\/wp\/v2\/categories?post=122352"},{"taxonomy":"post_tag","embeddable":true,"href":"https:\/\/linitiative.ca\/International\/wp-json\/wp\/v2\/tags?post=122352"}],"curies":[{"name":"wp","href":"https:\/\/api.w.org\/{rel}","templated":true}]}}