{"id":122360,"date":"2021-07-25T15:19:00","date_gmt":"2021-07-25T19:19:00","guid":{"rendered":"https:\/\/linitiative.ca\/International\/lhistorien-universitaire-ali-abdelkader-a-succombe-a-la-pandemie-de-covid-19\/"},"modified":"2021-07-25T15:19:00","modified_gmt":"2021-07-25T19:19:00","slug":"lhistorien-universitaire-ali-abdelkader-a-succombe-a-la-pandemie-de-covid-19","status":"publish","type":"post","link":"https:\/\/linitiative.ca\/International\/lhistorien-universitaire-ali-abdelkader-a-succombe-a-la-pandemie-de-covid-19\/","title":{"rendered":"L\u2019historien universitaire Ali Abdelkader a succomb\u00e9 \u00e0 la pand\u00e9mie de Covid-19"},"content":{"rendered":"<div><img decoding=\"async\" src=\"https:\/\/linitiative.ca\/International\/wp-content\/uploads\/sites\/23\/2021\/07\/1627237324_article.jpg\" alt=\"L\u2019historien universitaire Ali Abdelkader a succomb\u00e9 \u00e0 la pand\u00e9mie de Covid-19\" align=\"left\">Par Professeur Houcine Ja\u00efdi &#8211; La triste nouvelle est tomb\u00e9e vendredi dernier, dans la matin\u00e9e, v\u00e9hicul\u00e9e d\u2019abord par les r\u00e9seaux sociaux : le Professeur Ali Abdelkader, historien sp\u00e9cialiste du monde arabo-islamique m\u00e9di\u00e9val a d\u00e9c\u00e9d\u00e9 suite \u00e0 sa contamination au Covid-19. Depuis, ses anciens coll\u00e8gues du D\u00e9partement d\u2019Histoire de la Facult\u00e9 des Sciences Humaines et Sociales de Tunis (la 9 avril) o\u00f9 s\u2019est d\u00e9roul\u00e9e toute sa carri\u00e8re professionnelle sont sous le choc. Ils le sont d\u2019autant plus que la douleur\u00a0 provoqu\u00e9e par la r\u00e9cente disparition du Professeur Hicham Djait est encore bien vive.<br \/>\nAli Abdelkader a commenc\u00e9 sa carri\u00e8re d\u2019enseignant-chercheur \u00e0 &#8230;<\/p>\n<\/div>\n<p>Auteur:<br \/>\n<a href=\"https:\/\/www.leaders.com.tn\/article\/32196-l-historien-universitaire-ali-abdelkader-a-succombe-a-la-pandemie-de-covid-19\">Cliquez ici pour lire l&rsquo;article depuis sa source.<\/a><\/p>\n","protected":false},"excerpt":{"rendered":"<p>Par Professeur Houcine Ja\u00efdi &#8211; La triste nouvelle est tomb\u00e9e vendredi dernier, dans la matin\u00e9e, v\u00e9hicul\u00e9e d\u2019abord par les r\u00e9seaux sociaux : le Professeur Ali Abdelkader, historien sp\u00e9cialiste du monde arabo-islamique m\u00e9di\u00e9val a d\u00e9c\u00e9d\u00e9 suite \u00e0 sa contamination au Covid-19. Depuis, ses anciens coll\u00e8gues du D\u00e9partement d\u2019Histoire de la Facult\u00e9 des Sciences Humaines et Sociales [&hellip;]<\/p>\n","protected":false},"author":1772,"featured_media":0,"comment_status":"closed","ping_status":"closed","sticky":false,"template":"","format":"standard","meta":{"fifu_image_url":"http:\/\/www.leaders.com.tn\/uploads\/content\/thumbnails_small\/1627237324_article.jpg","fifu_image_alt":"L\u2019historien universitaire Ali Abdelkader a succomb\u00e9 \u00e0 la pand\u00e9mie de Covid-19","footnotes":""},"categories":[73,55],"tags":[],"class_list":["post-122360","post","type-post","status-publish","format-standard","hentry","category-actualite","category-tunisie"],"_links":{"self":[{"href":"https:\/\/linitiative.ca\/International\/wp-json\/wp\/v2\/posts\/122360","targetHints":{"allow":["GET"]}}],"collection":[{"href":"https:\/\/linitiative.ca\/International\/wp-json\/wp\/v2\/posts"}],"about":[{"href":"https:\/\/linitiative.ca\/International\/wp-json\/wp\/v2\/types\/post"}],"author":[{"embeddable":true,"href":"https:\/\/linitiative.ca\/International\/wp-json\/wp\/v2\/users\/1772"}],"replies":[{"embeddable":true,"href":"https:\/\/linitiative.ca\/International\/wp-json\/wp\/v2\/comments?post=122360"}],"version-history":[{"count":0,"href":"https:\/\/linitiative.ca\/International\/wp-json\/wp\/v2\/posts\/122360\/revisions"}],"wp:attachment":[{"href":"https:\/\/linitiative.ca\/International\/wp-json\/wp\/v2\/media?parent=122360"}],"wp:term":[{"taxonomy":"category","embeddable":true,"href":"https:\/\/linitiative.ca\/International\/wp-json\/wp\/v2\/categories?post=122360"},{"taxonomy":"post_tag","embeddable":true,"href":"https:\/\/linitiative.ca\/International\/wp-json\/wp\/v2\/tags?post=122360"}],"curies":[{"name":"wp","href":"https:\/\/api.w.org\/{rel}","templated":true}]}}