{"id":122362,"date":"2021-07-25T17:05:15","date_gmt":"2021-07-25T21:05:15","guid":{"rendered":"https:\/\/linitiative.ca\/International\/kais-saied-prend-tous-les-pouvoirs-en-main-suspend-le-parlement-limoge-mechichi-et-serige-en-chef-de-lexecutif-et-du-parquet\/"},"modified":"2021-07-25T17:05:15","modified_gmt":"2021-07-25T21:05:15","slug":"kais-saied-prend-tous-les-pouvoirs-en-main-suspend-le-parlement-limoge-mechichi-et-serige-en-chef-de-lexecutif-et-du-parquet","status":"publish","type":"post","link":"https:\/\/linitiative.ca\/International\/kais-saied-prend-tous-les-pouvoirs-en-main-suspend-le-parlement-limoge-mechichi-et-serige-en-chef-de-lexecutif-et-du-parquet\/","title":{"rendered":"Kais Saied prend tous les pouvoirs en main, suspend le parlement, limoge Mechichi et s\u2019\u00e9rige en chef de l\u2019ex\u00e9cutif et du parquet"},"content":{"rendered":"<div><img decoding=\"async\" src=\"https:\/\/linitiative.ca\/International\/wp-content\/uploads\/sites\/23\/2021\/07\/1627246184_article.jpg\" alt=\"Kais Saied prend tous les pouvoirs en main, suspend le parlement, limoge Mechichi et s\u2019\u00e9rige en chef de l\u2019ex\u00e9cutif et du parquet\" align=\"left\">Activant l\u2019article 80 de la Constitution, le pr\u00e9sident Kais Saied a d\u00e9cid\u00e9 de suspendre les travaux de l\u2019Assembl\u00e9e des repr\u00e9sentant du peuple, la lev\u00e9e d\u2019office de l\u2019immunit\u00e9 de tous les d\u00e9put\u00e9s, le limogeage du chef du gouvernement Hichem Mechichi, et d\u2019assurer lui-m\u00eame la pr\u00e9sidence de l\u2019ex\u00e9cutif ainsi que du parquet. Dans une adresse martiale prononc\u00e9e dimanche soir devant les hauts chefs militaires et s\u00e9curitaires, r\u00e9unis \u00e0 Carthage, il a mis en garde contre toute atteinte \u00e0 l\u2019ordre public et \u00e0 la s\u00e9curit\u00e9, mena\u00e7ant les fauteurs de troubles de s\u00e9v\u00e8res sanctions.<br \/>\nLe chef de l\u2019Etat a pr\u00e9cis\u00e9 qu\u2019il l\u00e9gif\u00e8rera par d\u00e9crets-lois et qu\u2019il &#8230;<\/p>\n<\/div>\n<p>Auteur:<br \/>\n<a href=\"https:\/\/www.leaders.com.tn\/article\/32197-kais-saied-prend-tous-les-pouvoirs-en-main-suspend-le-parlement-limoge-mechichi-et-s-erige-en-chef-de-l-executif-et-du-parquet\">Cliquez ici pour lire l&rsquo;article depuis sa source.<\/a><\/p>\n","protected":false},"excerpt":{"rendered":"<p>Activant l\u2019article 80 de la Constitution, le pr\u00e9sident Kais Saied a d\u00e9cid\u00e9 de suspendre les travaux de l\u2019Assembl\u00e9e des repr\u00e9sentant du peuple, la lev\u00e9e d\u2019office de l\u2019immunit\u00e9 de tous les d\u00e9put\u00e9s, le limogeage du chef du gouvernement Hichem Mechichi, et d\u2019assurer lui-m\u00eame la pr\u00e9sidence de l\u2019ex\u00e9cutif ainsi que du parquet. Dans une adresse martiale prononc\u00e9e [&hellip;]<\/p>\n","protected":false},"author":1772,"featured_media":0,"comment_status":"closed","ping_status":"closed","sticky":false,"template":"","format":"standard","meta":{"fifu_image_url":"http:\/\/www.leaders.com.tn\/uploads\/content\/thumbnails_small\/1627246184_article.jpg","fifu_image_alt":"Kais Saied prend tous les pouvoirs en main, suspend le parlement, limoge Mechichi et s\u2019\u00e9rige en chef de l\u2019ex\u00e9cutif et du parquet","footnotes":""},"categories":[73,55],"tags":[],"class_list":["post-122362","post","type-post","status-publish","format-standard","hentry","category-actualite","category-tunisie"],"_links":{"self":[{"href":"https:\/\/linitiative.ca\/International\/wp-json\/wp\/v2\/posts\/122362","targetHints":{"allow":["GET"]}}],"collection":[{"href":"https:\/\/linitiative.ca\/International\/wp-json\/wp\/v2\/posts"}],"about":[{"href":"https:\/\/linitiative.ca\/International\/wp-json\/wp\/v2\/types\/post"}],"author":[{"embeddable":true,"href":"https:\/\/linitiative.ca\/International\/wp-json\/wp\/v2\/users\/1772"}],"replies":[{"embeddable":true,"href":"https:\/\/linitiative.ca\/International\/wp-json\/wp\/v2\/comments?post=122362"}],"version-history":[{"count":0,"href":"https:\/\/linitiative.ca\/International\/wp-json\/wp\/v2\/posts\/122362\/revisions"}],"wp:attachment":[{"href":"https:\/\/linitiative.ca\/International\/wp-json\/wp\/v2\/media?parent=122362"}],"wp:term":[{"taxonomy":"category","embeddable":true,"href":"https:\/\/linitiative.ca\/International\/wp-json\/wp\/v2\/categories?post=122362"},{"taxonomy":"post_tag","embeddable":true,"href":"https:\/\/linitiative.ca\/International\/wp-json\/wp\/v2\/tags?post=122362"}],"curies":[{"name":"wp","href":"https:\/\/api.w.org\/{rel}","templated":true}]}}