{"id":122364,"date":"2021-07-25T06:00:00","date_gmt":"2021-07-25T10:00:00","guid":{"rendered":"https:\/\/linitiative.ca\/International\/la-cantera-il-etait-une-fois-bab-el-oued-nouvel-ouvrage-de-mahdi-boukhalfa\/"},"modified":"2021-07-25T06:00:00","modified_gmt":"2021-07-25T10:00:00","slug":"la-cantera-il-etait-une-fois-bab-el-oued-nouvel-ouvrage-de-mahdi-boukhalfa","status":"publish","type":"post","link":"https:\/\/linitiative.ca\/International\/la-cantera-il-etait-une-fois-bab-el-oued-nouvel-ouvrage-de-mahdi-boukhalfa\/","title":{"rendered":"La Cantera, il \u00e9tait une fois Bab-El-Oued, nouvel ouvrage de Mahdi Boukhalfa"},"content":{"rendered":"<div>L&rsquo;histoire de l&rsquo;un des quartiers embl\u00e9matiques d&rsquo;Alger, Bab-El-Oued, sa cr\u00e9ation, le mode de vie qui y r\u00e9gnait de la p\u00e9riode coloniale aux ann\u00e9es 1980, ses stades, plages et salles de cin\u00e9ma constituent le<\/div>\n<p>Auteur:<br \/>\n<a href=\"https:\/\/www.lesoirdalgerie.com\/culture\/la-cantera-il-etait-une-fois-bab-el-oued-nouvel-ouvrage-de-mahdi-boukhalfa-64772\">Cliquez ici pour lire l&rsquo;article depuis sa source.<\/a><\/p>\n","protected":false},"excerpt":{"rendered":"<p>L&rsquo;histoire de l&rsquo;un des quartiers embl\u00e9matiques d&rsquo;Alger, Bab-El-Oued, sa cr\u00e9ation, le mode de vie qui y r\u00e9gnait de la p\u00e9riode coloniale aux ann\u00e9es 1980, ses stades, plages et salles de cin\u00e9ma constituent le Auteur: Cliquez ici pour lire l&rsquo;article depuis sa source.<\/p>\n","protected":false},"author":1741,"featured_media":0,"comment_status":"closed","ping_status":"closed","sticky":false,"template":"","format":"standard","meta":{"fifu_image_url":"","fifu_image_alt":"","footnotes":""},"categories":[73,53],"tags":[],"class_list":["post-122364","post","type-post","status-publish","format-standard","hentry","category-actualite","category-algerie"],"_links":{"self":[{"href":"https:\/\/linitiative.ca\/International\/wp-json\/wp\/v2\/posts\/122364","targetHints":{"allow":["GET"]}}],"collection":[{"href":"https:\/\/linitiative.ca\/International\/wp-json\/wp\/v2\/posts"}],"about":[{"href":"https:\/\/linitiative.ca\/International\/wp-json\/wp\/v2\/types\/post"}],"author":[{"embeddable":true,"href":"https:\/\/linitiative.ca\/International\/wp-json\/wp\/v2\/users\/1741"}],"replies":[{"embeddable":true,"href":"https:\/\/linitiative.ca\/International\/wp-json\/wp\/v2\/comments?post=122364"}],"version-history":[{"count":0,"href":"https:\/\/linitiative.ca\/International\/wp-json\/wp\/v2\/posts\/122364\/revisions"}],"wp:attachment":[{"href":"https:\/\/linitiative.ca\/International\/wp-json\/wp\/v2\/media?parent=122364"}],"wp:term":[{"taxonomy":"category","embeddable":true,"href":"https:\/\/linitiative.ca\/International\/wp-json\/wp\/v2\/categories?post=122364"},{"taxonomy":"post_tag","embeddable":true,"href":"https:\/\/linitiative.ca\/International\/wp-json\/wp\/v2\/tags?post=122364"}],"curies":[{"name":"wp","href":"https:\/\/api.w.org\/{rel}","templated":true}]}}