{"id":122366,"date":"2021-07-25T06:00:00","date_gmt":"2021-07-25T10:00:00","guid":{"rendered":"https:\/\/linitiative.ca\/International\/le-saad-dahleb-que-jai-connu\/"},"modified":"2021-07-25T06:00:00","modified_gmt":"2021-07-25T10:00:00","slug":"le-saad-dahleb-que-jai-connu","status":"publish","type":"post","link":"https:\/\/linitiative.ca\/International\/le-saad-dahleb-que-jai-connu\/","title":{"rendered":"Le Sa\u00e2d Dahleb que j\u2019ai connu"},"content":{"rendered":"<div>Cher lecteur, chose promise, chose due. Tout d&rsquo;abord, Krim Belkacem a \u00e9t\u00e9 incontestablement le seul signataire c\u00f4t\u00e9 alg\u00e9rien des accords d&rsquo;\u00c9vian. Il \u00e9tait aussi incontestablement pr\u00e9sent \u00e0 toutes les \u00e9tapes des<\/div>\n<p>Auteur:<br \/>\n<a href=\"https:\/\/www.lesoirdalgerie.com\/contribution\/le-saad-dahleb-que-jai-connu-64770\">Cliquez ici pour lire l&rsquo;article depuis sa source.<\/a><\/p>\n","protected":false},"excerpt":{"rendered":"<p>Cher lecteur, chose promise, chose due. Tout d&rsquo;abord, Krim Belkacem a \u00e9t\u00e9 incontestablement le seul signataire c\u00f4t\u00e9 alg\u00e9rien des accords d&rsquo;\u00c9vian. Il \u00e9tait aussi incontestablement pr\u00e9sent \u00e0 toutes les \u00e9tapes des Auteur: Cliquez ici pour lire l&rsquo;article depuis sa source.<\/p>\n","protected":false},"author":1741,"featured_media":0,"comment_status":"closed","ping_status":"closed","sticky":false,"template":"","format":"standard","meta":{"fifu_image_url":"","fifu_image_alt":"","footnotes":""},"categories":[73,53],"tags":[],"class_list":["post-122366","post","type-post","status-publish","format-standard","hentry","category-actualite","category-algerie"],"_links":{"self":[{"href":"https:\/\/linitiative.ca\/International\/wp-json\/wp\/v2\/posts\/122366","targetHints":{"allow":["GET"]}}],"collection":[{"href":"https:\/\/linitiative.ca\/International\/wp-json\/wp\/v2\/posts"}],"about":[{"href":"https:\/\/linitiative.ca\/International\/wp-json\/wp\/v2\/types\/post"}],"author":[{"embeddable":true,"href":"https:\/\/linitiative.ca\/International\/wp-json\/wp\/v2\/users\/1741"}],"replies":[{"embeddable":true,"href":"https:\/\/linitiative.ca\/International\/wp-json\/wp\/v2\/comments?post=122366"}],"version-history":[{"count":0,"href":"https:\/\/linitiative.ca\/International\/wp-json\/wp\/v2\/posts\/122366\/revisions"}],"wp:attachment":[{"href":"https:\/\/linitiative.ca\/International\/wp-json\/wp\/v2\/media?parent=122366"}],"wp:term":[{"taxonomy":"category","embeddable":true,"href":"https:\/\/linitiative.ca\/International\/wp-json\/wp\/v2\/categories?post=122366"},{"taxonomy":"post_tag","embeddable":true,"href":"https:\/\/linitiative.ca\/International\/wp-json\/wp\/v2\/tags?post=122366"}],"curies":[{"name":"wp","href":"https:\/\/api.w.org\/{rel}","templated":true}]}}