{"id":122371,"date":"2021-07-25T10:44:56","date_gmt":"2021-07-25T14:44:56","guid":{"rendered":"https:\/\/linitiative.ca\/International\/maroc-israel-arrivee-remarquee-du-premier-vol-commercial-entre-tel-aviv-et-marrakech-ce-25-juillet\/"},"modified":"2021-07-25T10:44:56","modified_gmt":"2021-07-25T14:44:56","slug":"maroc-israel-arrivee-remarquee-du-premier-vol-commercial-entre-tel-aviv-et-marrakech-ce-25-juillet","status":"publish","type":"post","link":"https:\/\/linitiative.ca\/International\/maroc-israel-arrivee-remarquee-du-premier-vol-commercial-entre-tel-aviv-et-marrakech-ce-25-juillet\/","title":{"rendered":"Maroc-Isra\u00ebl. Arriv\u00e9e remarqu\u00e9e du premier vol commercial entre Tel-Aviv et Marrakech ce 25 juillet"},"content":{"rendered":"<div><img decoding=\"async\" width=\"1280\" height=\"719\" src=\"https:\/\/linitiative.ca\/International\/wp-content\/uploads\/sites\/23\/2021\/07\/WhatsApp-Image-2021-07-25-at-15.39.14-1.jpeg\" class=\"attachment-post-thumbnail size-post-thumbnail wp-post-image\" alt=\"\" loading=\"lazy\" srcset=\"https:\/\/linitiative.ca\/International\/wp-content\/uploads\/sites\/23\/2021\/07\/WhatsApp-Image-2021-07-25-at-15.39.14-1.jpeg 1280w, https:\/\/www.challenge.ma\/wp-content\/uploads\/2021\/07\/WhatsApp-Image-2021-07-25-at-15.39.14-1-300x169.jpeg 300w, https:\/\/www.challenge.ma\/wp-content\/uploads\/2021\/07\/WhatsApp-Image-2021-07-25-at-15.39.14-1-1024x575.jpeg 1024w, https:\/\/www.challenge.ma\/wp-content\/uploads\/2021\/07\/WhatsApp-Image-2021-07-25-at-15.39.14-1-768x431.jpeg 768w, https:\/\/www.challenge.ma\/wp-content\/uploads\/2021\/07\/WhatsApp-Image-2021-07-25-at-15.39.14-1-360x202.jpeg 360w, https:\/\/www.challenge.ma\/wp-content\/uploads\/2021\/07\/WhatsApp-Image-2021-07-25-at-15.39.14-1-750x421.jpeg 750w\" sizes=\"auto, (max-width: 1280px) 100vw, 1280px\" itemprop=\"image\">C\u2019est en grande pompe que l\u2019a\u00e9ronef de la compagnie Israir a pos\u00e9 ses roues vers 12h45 sur le tarmac de l\u2019a\u00e9roport de Marrakech-M\u00e9nara ce dimanche 25 juillet. En effet, un accueil chaleureux a \u00e9t\u00e9 r\u00e9serv\u00e9 \u00e0 ce premier vol commercial inaugural entre Isra\u00ebl et le Maroc. Et il ne sera<\/div>\n<p>Auteur: David J\u00e9r\u00e9mie<br \/>\n<a href=\"https:\/\/www.challenge.ma\/maroc-israel-arrivee-remarquee-du-premier-vol-commercial-entre-tel-aviv-et-marrakech-ce-25-juillet-193710\/\">Cliquez ici pour lire l&rsquo;article depuis sa source.<\/a><\/p>\n","protected":false},"excerpt":{"rendered":"<p>C\u2019est en grande pompe que l\u2019a\u00e9ronef de la compagnie Israir a pos\u00e9 ses roues vers 12h45 sur le tarmac de l\u2019a\u00e9roport de Marrakech-M\u00e9nara ce dimanche 25 juillet. En effet, un accueil chaleureux a \u00e9t\u00e9 r\u00e9serv\u00e9 \u00e0 ce premier vol commercial inaugural entre Isra\u00ebl et le Maroc. Et il ne sera Auteur: David J\u00e9r\u00e9mie Cliquez ici [&hellip;]<\/p>\n","protected":false},"author":1787,"featured_media":0,"comment_status":"closed","ping_status":"closed","sticky":false,"template":"","format":"standard","meta":{"fifu_image_url":"https:\/\/www.challenge.ma\/wp-content\/uploads\/2021\/07\/WhatsApp-Image-2021-07-25-at-15.39.14-1.jpeg","fifu_image_alt":"Maroc-Isra\u00ebl. Arriv\u00e9e remarqu\u00e9e du premier vol commercial entre Tel-Aviv et Marrakech ce 25 juillet","footnotes":""},"categories":[78,54],"tags":[],"class_list":["post-122371","post","type-post","status-publish","format-standard","hentry","category-economie","category-maroc"],"_links":{"self":[{"href":"https:\/\/linitiative.ca\/International\/wp-json\/wp\/v2\/posts\/122371","targetHints":{"allow":["GET"]}}],"collection":[{"href":"https:\/\/linitiative.ca\/International\/wp-json\/wp\/v2\/posts"}],"about":[{"href":"https:\/\/linitiative.ca\/International\/wp-json\/wp\/v2\/types\/post"}],"author":[{"embeddable":true,"href":"https:\/\/linitiative.ca\/International\/wp-json\/wp\/v2\/users\/1787"}],"replies":[{"embeddable":true,"href":"https:\/\/linitiative.ca\/International\/wp-json\/wp\/v2\/comments?post=122371"}],"version-history":[{"count":0,"href":"https:\/\/linitiative.ca\/International\/wp-json\/wp\/v2\/posts\/122371\/revisions"}],"wp:attachment":[{"href":"https:\/\/linitiative.ca\/International\/wp-json\/wp\/v2\/media?parent=122371"}],"wp:term":[{"taxonomy":"category","embeddable":true,"href":"https:\/\/linitiative.ca\/International\/wp-json\/wp\/v2\/categories?post=122371"},{"taxonomy":"post_tag","embeddable":true,"href":"https:\/\/linitiative.ca\/International\/wp-json\/wp\/v2\/tags?post=122371"}],"curies":[{"name":"wp","href":"https:\/\/api.w.org\/{rel}","templated":true}]}}