{"id":122373,"date":"2021-07-25T10:45:00","date_gmt":"2021-07-25T14:45:00","guid":{"rendered":"https:\/\/linitiative.ca\/International\/jo-2020-les-marocains-mehdi-essadiq-et-sarah-fraincart-qualifies-pour-la-finale-du-triathlon-et-de-laviron\/"},"modified":"2021-07-25T10:45:00","modified_gmt":"2021-07-25T14:45:00","slug":"jo-2020-les-marocains-mehdi-essadiq-et-sarah-fraincart-qualifies-pour-la-finale-du-triathlon-et-de-laviron","status":"publish","type":"post","link":"https:\/\/linitiative.ca\/International\/jo-2020-les-marocains-mehdi-essadiq-et-sarah-fraincart-qualifies-pour-la-finale-du-triathlon-et-de-laviron\/","title":{"rendered":"JO-2020. Les marocains Mehdi Essadiq et Sarah Fraincart qualifi\u00e9s pour la finale du triathlon et de l\u2019aviron"},"content":{"rendered":"<div><img decoding=\"async\" width=\"994\" height=\"534\" src=\"https:\/\/linitiative.ca\/International\/wp-content\/uploads\/sites\/23\/2021\/07\/TOKYO1-1-e1627225522992.jpg\" class=\"attachment-post-thumbnail size-post-thumbnail wp-post-image\" alt=\"\" loading=\"lazy\" srcset=\"https:\/\/linitiative.ca\/International\/wp-content\/uploads\/sites\/23\/2021\/07\/TOKYO1-1-e1627225522992.jpg 994w, https:\/\/www.challenge.ma\/wp-content\/uploads\/2021\/07\/TOKYO1-1-e1627225522992-300x161.jpg 300w, https:\/\/www.challenge.ma\/wp-content\/uploads\/2021\/07\/TOKYO1-1-e1627225522992-768x413.jpg 768w, https:\/\/www.challenge.ma\/wp-content\/uploads\/2021\/07\/TOKYO1-1-e1627225522992-360x193.jpg 360w, https:\/\/www.challenge.ma\/wp-content\/uploads\/2021\/07\/TOKYO1-1-e1627225522992-750x403.jpg 750w\" sizes=\"auto, (max-width: 994px) 100vw, 994px\" itemprop=\"image\">Journ\u00e9e de r\u00eave \u00e0 Tokyo pour Mehdi Essadiq et Sarah Fraincart. Les deux marocains sont respectivement qualifi\u00e9s pour le triathlon et de l\u2019aviron. Pour la premi\u00e8re fois depuis l\u2019apparition du triathlon durant les JO de Sydney en 2000, le Maroc est repr\u00e9sent\u00e9 dans cette discipline lors de l\u2019\u00e9dition de Tokyo<\/div>\n<p>Auteur: challenge<br \/>\n<a href=\"https:\/\/www.challenge.ma\/jo-2020-les-marocains-mehdi-essadiq-et-sarah-fraincart-qualifies-pour-la-finale-du-triathlon-et-de-laviron-193712\/\">Cliquez ici pour lire l&rsquo;article depuis sa source.<\/a><\/p>\n","protected":false},"excerpt":{"rendered":"<p>Journ\u00e9e de r\u00eave \u00e0 Tokyo pour Mehdi Essadiq et Sarah Fraincart. Les deux marocains sont respectivement qualifi\u00e9s pour le triathlon et de l\u2019aviron. Pour la premi\u00e8re fois depuis l\u2019apparition du triathlon durant les JO de Sydney en 2000, le Maroc est repr\u00e9sent\u00e9 dans cette discipline lors de l\u2019\u00e9dition de Tokyo Auteur: challenge Cliquez ici pour [&hellip;]<\/p>\n","protected":false},"author":1787,"featured_media":0,"comment_status":"closed","ping_status":"closed","sticky":false,"template":"","format":"standard","meta":{"fifu_image_url":"https:\/\/www.challenge.ma\/wp-content\/uploads\/2021\/07\/TOKYO1-1-e1627225522992.jpg","fifu_image_alt":"JO-2020. Les marocains Mehdi Essadiq et Sarah Fraincart qualifi\u00e9s pour la finale du triathlon et de l\u2019aviron","footnotes":""},"categories":[78,54],"tags":[],"class_list":["post-122373","post","type-post","status-publish","format-standard","hentry","category-economie","category-maroc"],"_links":{"self":[{"href":"https:\/\/linitiative.ca\/International\/wp-json\/wp\/v2\/posts\/122373","targetHints":{"allow":["GET"]}}],"collection":[{"href":"https:\/\/linitiative.ca\/International\/wp-json\/wp\/v2\/posts"}],"about":[{"href":"https:\/\/linitiative.ca\/International\/wp-json\/wp\/v2\/types\/post"}],"author":[{"embeddable":true,"href":"https:\/\/linitiative.ca\/International\/wp-json\/wp\/v2\/users\/1787"}],"replies":[{"embeddable":true,"href":"https:\/\/linitiative.ca\/International\/wp-json\/wp\/v2\/comments?post=122373"}],"version-history":[{"count":0,"href":"https:\/\/linitiative.ca\/International\/wp-json\/wp\/v2\/posts\/122373\/revisions"}],"wp:attachment":[{"href":"https:\/\/linitiative.ca\/International\/wp-json\/wp\/v2\/media?parent=122373"}],"wp:term":[{"taxonomy":"category","embeddable":true,"href":"https:\/\/linitiative.ca\/International\/wp-json\/wp\/v2\/categories?post=122373"},{"taxonomy":"post_tag","embeddable":true,"href":"https:\/\/linitiative.ca\/International\/wp-json\/wp\/v2\/tags?post=122373"}],"curies":[{"name":"wp","href":"https:\/\/api.w.org\/{rel}","templated":true}]}}