{"id":122379,"date":"2021-07-25T16:50:45","date_gmt":"2021-07-25T20:50:45","guid":{"rendered":"https:\/\/linitiative.ca\/International\/tunisie-urgent-kais-saied-gele-le-parlement-et-limoge-le-chef-du-gouvernement\/"},"modified":"2021-07-25T16:50:45","modified_gmt":"2021-07-25T20:50:45","slug":"tunisie-urgent-kais-saied-gele-le-parlement-et-limoge-le-chef-du-gouvernement","status":"publish","type":"post","link":"https:\/\/linitiative.ca\/International\/tunisie-urgent-kais-saied-gele-le-parlement-et-limoge-le-chef-du-gouvernement\/","title":{"rendered":"Tunisie \u2013 URGENT: Ka\u00efs Sa\u00efed g\u00e8le le parlement et limoge le chef du gouvernement"},"content":{"rendered":"<div>\n<p>Le pr\u00e9sident Ka\u00efs Sa\u00efed a r\u00e9uni, ce soir, de fa\u00e7on urgente, les dirigeants et hauts cadres s\u00e9curitaires et militaires, pour discuter des \u00e9v\u00e8nements qui ont \u00e9maill\u00e9 le pays, ce jour, il a annonc\u00e9 la prise de plusieurs d\u00e9cisions conform\u00e9ment \u00e0 la constitution. Gel du parlement et de toutes ses activit\u00e9s Lev\u00e9e de l\u2019immunit\u00e9 que tous [\u2026]<\/p>\n<p>L\u2019article <a href=\"https:\/\/www.tunisienumerique.com\/tunisie-urgent-kais-saied-gele-le-parlement-et-limoge-le-chef-du-gouvernement\/\">Tunisie \u2013 URGENT: Ka\u00efs Sa\u00efed g\u00e8le le parlement et limoge le chef du gouvernement<\/a> est apparu en premier sur <a href=\"https:\/\/www.tunisienumerique.com\/\">Tunisie<\/a>.<\/p>\n<\/div>\n<p>Auteur: LM<br \/>\n<a href=\"https:\/\/www.tunisienumerique.com\/tunisie-urgent-kais-saied-gele-le-parlement-et-limoge-le-chef-du-gouvernement\/\">Cliquez ici pour lire l&rsquo;article depuis sa source.<\/a><\/p>\n","protected":false},"excerpt":{"rendered":"<p>Le pr\u00e9sident Ka\u00efs Sa\u00efed a r\u00e9uni, ce soir, de fa\u00e7on urgente, les dirigeants et hauts cadres s\u00e9curitaires et militaires, pour discuter des \u00e9v\u00e8nements qui ont \u00e9maill\u00e9 le pays, ce jour, il a annonc\u00e9 la prise de plusieurs d\u00e9cisions conform\u00e9ment \u00e0 la constitution. Gel du parlement et de toutes ses activit\u00e9s Lev\u00e9e de l\u2019immunit\u00e9 que tous [&hellip;]<\/p>\n","protected":false},"author":1789,"featured_media":0,"comment_status":"closed","ping_status":"closed","sticky":false,"template":"","format":"standard","meta":{"fifu_image_url":"","fifu_image_alt":"","footnotes":""},"categories":[73,55],"tags":[],"class_list":["post-122379","post","type-post","status-publish","format-standard","hentry","category-actualite","category-tunisie"],"_links":{"self":[{"href":"https:\/\/linitiative.ca\/International\/wp-json\/wp\/v2\/posts\/122379","targetHints":{"allow":["GET"]}}],"collection":[{"href":"https:\/\/linitiative.ca\/International\/wp-json\/wp\/v2\/posts"}],"about":[{"href":"https:\/\/linitiative.ca\/International\/wp-json\/wp\/v2\/types\/post"}],"author":[{"embeddable":true,"href":"https:\/\/linitiative.ca\/International\/wp-json\/wp\/v2\/users\/1789"}],"replies":[{"embeddable":true,"href":"https:\/\/linitiative.ca\/International\/wp-json\/wp\/v2\/comments?post=122379"}],"version-history":[{"count":0,"href":"https:\/\/linitiative.ca\/International\/wp-json\/wp\/v2\/posts\/122379\/revisions"}],"wp:attachment":[{"href":"https:\/\/linitiative.ca\/International\/wp-json\/wp\/v2\/media?parent=122379"}],"wp:term":[{"taxonomy":"category","embeddable":true,"href":"https:\/\/linitiative.ca\/International\/wp-json\/wp\/v2\/categories?post=122379"},{"taxonomy":"post_tag","embeddable":true,"href":"https:\/\/linitiative.ca\/International\/wp-json\/wp\/v2\/tags?post=122379"}],"curies":[{"name":"wp","href":"https:\/\/api.w.org\/{rel}","templated":true}]}}