{"id":12238,"date":"2019-02-06T18:59:33","date_gmt":"2019-02-06T23:59:33","guid":{"rendered":"https:\/\/linitiative.ca\/International\/presidence-de-g5-sahel-roch-marc-christian-kabore-devoile-sa-feuille-de-route\/"},"modified":"2019-02-06T18:59:33","modified_gmt":"2019-02-06T23:59:33","slug":"presidence-de-g5-sahel-roch-marc-christian-kabore-devoile-sa-feuille-de-route","status":"publish","type":"post","link":"https:\/\/linitiative.ca\/International\/presidence-de-g5-sahel-roch-marc-christian-kabore-devoile-sa-feuille-de-route\/","title":{"rendered":"Pr\u00e9sidence de G5 Sahel : Roch Marc Christian Kabor\u00e9 d\u00e9voile sa feuille de route"},"content":{"rendered":"<div class=\"td-post-featured-image\"><a href=\"https:\/\/i2.wp.com\/www.sidwaya.info\/wp-content\/uploads\/2019\/02\/Roch.jpg?fit=1000%2C670&#038;ssl=1\" data-caption=\"\"><img loading=\"lazy\" decoding=\"async\" width=\"696\" height=\"466\" class=\"entry-thumb td-modal-image\" src=\"https:\/\/i2.wp.com\/www.sidwaya.info\/wp-content\/uploads\/2019\/02\/Roch.jpg?resize=696%2C466&#038;ssl=1\" srcset=\"https:\/\/i2.wp.com\/www.sidwaya.info\/wp-content\/uploads\/2019\/02\/Roch.jpg?w=1000&#038;ssl=1 1000w, https:\/\/i2.wp.com\/www.sidwaya.info\/wp-content\/uploads\/2019\/02\/Roch.jpg?resize=300%2C201&#038;ssl=1 300w, https:\/\/i2.wp.com\/www.sidwaya.info\/wp-content\/uploads\/2019\/02\/Roch.jpg?resize=768%2C515&#038;ssl=1 768w, https:\/\/i2.wp.com\/www.sidwaya.info\/wp-content\/uploads\/2019\/02\/Roch.jpg?resize=696%2C466&#038;ssl=1 696w, https:\/\/i2.wp.com\/www.sidwaya.info\/wp-content\/uploads\/2019\/02\/Roch.jpg?resize=627%2C420&#038;ssl=1 627w\" sizes=\"auto, (max-width: 696px) 100vw, 696px\" alt=\"\" title=\"Roch\"\/><\/a><\/div>\n<p><strong>Le Chef de l\u2019Etat burkinab\u00e8, Roch Marc Christian Kabor\u00e9, nouveau pr\u00e9sident en exercice du G5 Sahel, a tenu une s\u00e9ance de travail avec le Secr\u00e9taire permanent de l\u2019organisation, Maman Sambo Sikidou et son \u00e9quipe le mercredi 6 f\u00e9vrier 2019 \u00e0 Kosyam.<\/strong><\/p>\n<p>Au lendemain de sa prise de fonction \u00e0 la t\u00eate de la pr\u00e9sidence en exercice du G5 Sahel, le chef de l\u2019Etat burkinab\u00e8, Roch Marc Christian Kabor\u00e9, veut prendre les taureaux par les cornes. A cet effet, il a tenu une s\u00e9ance de travail avec le Secr\u00e9taire permanent du G5 Sahel, Maman Sambo Sikidou et son \u00e9quipe hier mercredi 6 f\u00e9vrier 2019 \u00e0 Kosyam en pr\u00e9sence des ministres burkinab\u00e8 en charge de la D\u00e9fense et celui des Finances.<\/p>\n<p>A la sortie de la rencontre, le Secr\u00e9taire permanent du G5 Sahel a indiqu\u00e9 que le pr\u00e9sident du Faso a \u00e9t\u00e9 clair sur ce qu\u2019il attend d\u2019eux. \u00ab\u00a0Le pr\u00e9sident Kabor\u00e9 vient de me donner ses instructions pour l\u2019op\u00e9rationnalisation de la force conjointe pour la mobilisation des ressources pour le d\u00e9veloppement de la r\u00e9gion, notamment sur le programme de d\u00e9veloppement d\u2019urgence du G5 Sahel\u00a0\u00bb, a-t-il d\u00e9clar\u00e9 d\u2019entr\u00e9e de jeu.<\/p>\n<p>A l\u2019\u00e9couter, le nouveau pr\u00e9sident en exercice du G5 Sahel veut s\u2019assurer que la force conjointe a assez les moyens pour mener les op\u00e9rations n\u00e9cessaires. Il a voulu aussi savoir, a poursuivi M. Sidikou, si la mobilisation des soutiens annonc\u00e9s par les bailleurs de fonds est sur de bons rails et que les questions des femmes et de la jeunesse sont prises en compte. Les \u00e9changes ont \u00e9t\u00e9 une occasion pour le chef de l\u2019Etat de d\u00e9rouler sa feuille de route. \u00ab\u00a0Nous avons pris bonne note des recommandations du pr\u00e9sident en exercice avec des d\u00e9lais assez pr\u00e9cis de mise en \u0153uvre.<\/p>\n<p>Il a dit toute sa disponibilit\u00e9 \u00e0 \u00eatre sous la br\u00e8che pour s\u2019assurer que ses dispositions soient suivies et r\u00e9alis\u00e9es\u00a0\u00bb, a relev\u00e9 Maman Sambo Sikidou. Pour lui, il n\u2019y a pas de doute que son \u00e9quipe ne soit pas \u00e0 la hauteur de la t\u00e2che. \u00ab\u00a0Nous sommes \u00e0 pr\u00e8s de 50% de financement de ce qui a \u00e9t\u00e9 promis pour de la force conjointe. Il y a des lenteurs dues \u00e0 des proc\u00e9dures qu\u2019il faudra acc\u00e9l\u00e9rer certes. Mais nous travaillerons sur l\u2019effectivit\u00e9 de la livraison du mat\u00e9riel d\u2019\u00e9quipement de notre force dans de meilleurs d\u00e9lais\u00a0\u00bb, a-t-il assur\u00e9.<\/p>\n<blockquote readability=\"5\">\n<p>Les premiers fruits en mars<\/p>\n<\/blockquote>\n<p>Le G5 Sahel cherche un appui cons\u00e9quent des Nations Unies sur le chapitre 7 de la charte pour la force conjointe. A ce niveau, M. Sidikou a indiqu\u00e9 que l\u2019actuel Secr\u00e9taire g\u00e9n\u00e9ral des Nations Unies Ant\u00f3nio Manuel de Oliveira Guterres est un alli\u00e9 de choix. \u00ab\u00a0M. Guterres a r\u00e9affirm\u00e9 la n\u00e9cessit\u00e9 de placer le G5 sous le chapitre 7. Nous allons poursuivre les discussions avec le Conseil de s\u00e9curit\u00e9 et nos partenaires de l\u2019Union europ\u00e9enne qui sont en permanence \u00e0 nos c\u00f4t\u00e9s\u00a0\u00bb, a-t-il d\u00e9clar\u00e9.<\/p>\n<p>Pour ce qui est du programme d\u2019urgence, le Secr\u00e9taire permanent du G5 Sahel a avou\u00e9 que les choses avancent comme il le souhaite avec leur partenaire de l\u2019Alliance Sahel. \u00ab\u00a0D\u2019ici mars, avril nous devons commencer \u00e0 avoir les 1er fruits au niveau de d\u00e9marrage des travaux\u00a0\u00bb, a-t-il confi\u00e9. Maman Sambo Sikidou a par ailleurs abord\u00e9 un aspect qui tient \u00e0 c\u0153ur les chefs d\u2019Etat de l\u2019espace\u00a0: la question de la coh\u00e9sion sociale. \u00ab\u00a0Les dirigeants de l\u2019espace sah\u00e9lien ont, au cours de la 5e conf\u00e9rence, appel\u00e9 les populations au vivre-ensemble pour ne pas ouvrir la voie aux terroristes pour nous diviser davantage.<\/p>\n<p>Sur cette question, nous y veillerons\u00a0\u00bb, a-t-il soutenu. Et le ministre des Affaires \u00e9trang\u00e8res et de la Coop\u00e9ration, Alpha Barry de pr\u00e9ciser, que dans la mise en \u0153uvre des diff\u00e9rents points de sa feuille de route, le pr\u00e9sident du Faso convoquera dans les jours \u00e0 venir une r\u00e9union avec les ministres des D\u00e9fense, les chefs d\u2019\u00e9tat-major des cinq nations et le commandant de la force conjointe pour une pleine op\u00e9rationnalisation de la dite unit\u00e9.<\/p>\n<p><strong>Abdoulaye BALBONE<\/strong><\/p>\n<div class=\"td-a-rec td-a-rec-id-content_bottom td_uid_21_5c5cb4eaa5746_rand td_block_template_1\"><img loading=\"lazy\" decoding=\"async\" class=\"alignright size-full wp-image-1724\" src=\"https:\/\/www.sidwaya.info\/wp-content\/uploads\/2018\/12\/sidwaya-pub.jpg\" alt=\"\" width=\"720\" height=\"90\"\/><\/div>\n","protected":false},"excerpt":{"rendered":"<p>Le Chef de l\u2019Etat burkinab\u00e8, Roch Marc Christian Kabor\u00e9, nouveau pr\u00e9sident en exercice du G5 Sahel, a tenu une s\u00e9ance de travail avec le Secr\u00e9taire permanent de l\u2019organisation, Maman Sambo Sikidou et son \u00e9quipe le mercredi 6 f\u00e9vrier 2019 \u00e0 Kosyam. Au lendemain de sa prise de fonction \u00e0 la t\u00eate de la pr\u00e9sidence en [&hellip;]<\/p>\n","protected":false},"author":1816,"featured_media":0,"comment_status":"closed","ping_status":"closed","sticky":false,"template":"","format":"standard","meta":{"fifu_image_url":"","fifu_image_alt":"","footnotes":""},"categories":[73,81],"tags":[],"class_list":["post-12238","post","type-post","status-publish","format-standard","hentry","category-actualite","category-burkina-faso"],"_links":{"self":[{"href":"https:\/\/linitiative.ca\/International\/wp-json\/wp\/v2\/posts\/12238","targetHints":{"allow":["GET"]}}],"collection":[{"href":"https:\/\/linitiative.ca\/International\/wp-json\/wp\/v2\/posts"}],"about":[{"href":"https:\/\/linitiative.ca\/International\/wp-json\/wp\/v2\/types\/post"}],"author":[{"embeddable":true,"href":"https:\/\/linitiative.ca\/International\/wp-json\/wp\/v2\/users\/1816"}],"replies":[{"embeddable":true,"href":"https:\/\/linitiative.ca\/International\/wp-json\/wp\/v2\/comments?post=12238"}],"version-history":[{"count":0,"href":"https:\/\/linitiative.ca\/International\/wp-json\/wp\/v2\/posts\/12238\/revisions"}],"wp:attachment":[{"href":"https:\/\/linitiative.ca\/International\/wp-json\/wp\/v2\/media?parent=12238"}],"wp:term":[{"taxonomy":"category","embeddable":true,"href":"https:\/\/linitiative.ca\/International\/wp-json\/wp\/v2\/categories?post=12238"},{"taxonomy":"post_tag","embeddable":true,"href":"https:\/\/linitiative.ca\/International\/wp-json\/wp\/v2\/tags?post=12238"}],"curies":[{"name":"wp","href":"https:\/\/api.w.org\/{rel}","templated":true}]}}