{"id":122381,"date":"2021-07-25T17:00:09","date_gmt":"2021-07-25T21:00:09","guid":{"rendered":"https:\/\/linitiative.ca\/International\/tunisie-kais-saied-je-nai-pas-voulu-en-arriver-la\/"},"modified":"2021-07-25T17:00:09","modified_gmt":"2021-07-25T21:00:09","slug":"tunisie-kais-saied-je-nai-pas-voulu-en-arriver-la","status":"publish","type":"post","link":"https:\/\/linitiative.ca\/International\/tunisie-kais-saied-je-nai-pas-voulu-en-arriver-la\/","title":{"rendered":"Tunisie \u2013 Ka\u00efs Sa\u00efed\u00a0:\u00a0\u00ab\u00a0Je n\u2019ai pas voulu en arriver l\u00e0\u00a0\u00bb\u00a0!"},"content":{"rendered":"<div>\n<p>Le pr\u00e9sident de la R\u00e9publique, Ka\u00efs Sa\u00efed a assur\u00e9, ce soir en annon\u00e7ant les mesures de dissolution du gouvernement et de gel du parlement, qu\u2019il aurait voulu ne pas en arriver l\u00e0, mais qu\u2019il a \u00e9t\u00e9 oblig\u00e9 de le faire, ce soir, devant l\u2019\u00e9tat o\u00f9 en sont arriv\u00e9 les choses dans le pays. Il a [\u2026]<\/p>\n<p>L\u2019article <a href=\"https:\/\/www.tunisienumerique.com\/tunisie-kais-saied-je-nai-pas-voulu-en-arriver-la\/\">Tunisie \u2013 Ka\u00efs Sa\u00efed\u00a0:\u00a0\u00ab\u00a0Je n\u2019ai pas voulu en arriver l\u00e0\u00a0\u00bb\u00a0!<\/a> est apparu en premier sur <a href=\"https:\/\/www.tunisienumerique.com\/\">Tunisie<\/a>.<\/p>\n<\/div>\n<p>Auteur: LM<br \/>\n<a href=\"https:\/\/www.tunisienumerique.com\/tunisie-kais-saied-je-nai-pas-voulu-en-arriver-la\/\">Cliquez ici pour lire l&rsquo;article depuis sa source.<\/a><\/p>\n","protected":false},"excerpt":{"rendered":"<p>Le pr\u00e9sident de la R\u00e9publique, Ka\u00efs Sa\u00efed a assur\u00e9, ce soir en annon\u00e7ant les mesures de dissolution du gouvernement et de gel du parlement, qu\u2019il aurait voulu ne pas en arriver l\u00e0, mais qu\u2019il a \u00e9t\u00e9 oblig\u00e9 de le faire, ce soir, devant l\u2019\u00e9tat o\u00f9 en sont arriv\u00e9 les choses dans le pays. Il a [&hellip;]<\/p>\n","protected":false},"author":1789,"featured_media":0,"comment_status":"closed","ping_status":"closed","sticky":false,"template":"","format":"standard","meta":{"fifu_image_url":"","fifu_image_alt":"","footnotes":""},"categories":[73,55],"tags":[],"class_list":["post-122381","post","type-post","status-publish","format-standard","hentry","category-actualite","category-tunisie"],"_links":{"self":[{"href":"https:\/\/linitiative.ca\/International\/wp-json\/wp\/v2\/posts\/122381","targetHints":{"allow":["GET"]}}],"collection":[{"href":"https:\/\/linitiative.ca\/International\/wp-json\/wp\/v2\/posts"}],"about":[{"href":"https:\/\/linitiative.ca\/International\/wp-json\/wp\/v2\/types\/post"}],"author":[{"embeddable":true,"href":"https:\/\/linitiative.ca\/International\/wp-json\/wp\/v2\/users\/1789"}],"replies":[{"embeddable":true,"href":"https:\/\/linitiative.ca\/International\/wp-json\/wp\/v2\/comments?post=122381"}],"version-history":[{"count":0,"href":"https:\/\/linitiative.ca\/International\/wp-json\/wp\/v2\/posts\/122381\/revisions"}],"wp:attachment":[{"href":"https:\/\/linitiative.ca\/International\/wp-json\/wp\/v2\/media?parent=122381"}],"wp:term":[{"taxonomy":"category","embeddable":true,"href":"https:\/\/linitiative.ca\/International\/wp-json\/wp\/v2\/categories?post=122381"},{"taxonomy":"post_tag","embeddable":true,"href":"https:\/\/linitiative.ca\/International\/wp-json\/wp\/v2\/tags?post=122381"}],"curies":[{"name":"wp","href":"https:\/\/api.w.org\/{rel}","templated":true}]}}