{"id":122382,"date":"2021-07-25T17:17:39","date_gmt":"2021-07-25T21:17:39","guid":{"rendered":"https:\/\/linitiative.ca\/International\/tunisie-dans-quelle-situation-applique-t-on-larticle-n80-de-la-constitution\/"},"modified":"2021-07-25T17:17:39","modified_gmt":"2021-07-25T21:17:39","slug":"tunisie-dans-quelle-situation-applique-t-on-larticle-n80-de-la-constitution","status":"publish","type":"post","link":"https:\/\/linitiative.ca\/International\/tunisie-dans-quelle-situation-applique-t-on-larticle-n80-de-la-constitution\/","title":{"rendered":"Tunisie: Dans quelle situation applique-t-on l\u2019article n\u00b080 de la Constitution?"},"content":{"rendered":"<div>\n<p>Le pr\u00e9sident de la R\u00e9publique,, Kais Saied a d\u00e9cid\u00e9 il y a quelques minutes d\u2019appliquer l\u2019article n\u00b080 de la Constitution qui stipule ce qui suit: En cas de p\u00e9ril imminent mena\u00e7ant les institutions de la nation et la s\u00e9curit\u00e9 et l\u2019ind\u00e9pendance du pays et entravant le fonctionnement r\u00e9gulier des pouvoirs publics, le Pr\u00e9sident de la [\u2026]<\/p>\n<p>L\u2019article <a href=\"https:\/\/www.tunisienumerique.com\/tunisie-dans-quelle-situation-applique-t-on-larticle-n80-de-la-constitution\/\">Tunisie: Dans quelle situation applique-t-on l\u2019article n\u00b080 de la Constitution?<\/a> est apparu en premier sur <a href=\"https:\/\/www.tunisienumerique.com\/\">Tunisie<\/a>.<\/p>\n<\/div>\n<p>Auteur: rania ben slimane<br \/>\n<a href=\"https:\/\/www.tunisienumerique.com\/tunisie-dans-quelle-situation-applique-t-on-larticle-n80-de-la-constitution\/\">Cliquez ici pour lire l&rsquo;article depuis sa source.<\/a><\/p>\n","protected":false},"excerpt":{"rendered":"<p>Le pr\u00e9sident de la R\u00e9publique,, Kais Saied a d\u00e9cid\u00e9 il y a quelques minutes d\u2019appliquer l\u2019article n\u00b080 de la Constitution qui stipule ce qui suit: En cas de p\u00e9ril imminent mena\u00e7ant les institutions de la nation et la s\u00e9curit\u00e9 et l\u2019ind\u00e9pendance du pays et entravant le fonctionnement r\u00e9gulier des pouvoirs publics, le Pr\u00e9sident de la [&hellip;]<\/p>\n","protected":false},"author":1789,"featured_media":0,"comment_status":"closed","ping_status":"closed","sticky":false,"template":"","format":"standard","meta":{"fifu_image_url":"","fifu_image_alt":"","footnotes":""},"categories":[73,55],"tags":[],"class_list":["post-122382","post","type-post","status-publish","format-standard","hentry","category-actualite","category-tunisie"],"_links":{"self":[{"href":"https:\/\/linitiative.ca\/International\/wp-json\/wp\/v2\/posts\/122382","targetHints":{"allow":["GET"]}}],"collection":[{"href":"https:\/\/linitiative.ca\/International\/wp-json\/wp\/v2\/posts"}],"about":[{"href":"https:\/\/linitiative.ca\/International\/wp-json\/wp\/v2\/types\/post"}],"author":[{"embeddable":true,"href":"https:\/\/linitiative.ca\/International\/wp-json\/wp\/v2\/users\/1789"}],"replies":[{"embeddable":true,"href":"https:\/\/linitiative.ca\/International\/wp-json\/wp\/v2\/comments?post=122382"}],"version-history":[{"count":0,"href":"https:\/\/linitiative.ca\/International\/wp-json\/wp\/v2\/posts\/122382\/revisions"}],"wp:attachment":[{"href":"https:\/\/linitiative.ca\/International\/wp-json\/wp\/v2\/media?parent=122382"}],"wp:term":[{"taxonomy":"category","embeddable":true,"href":"https:\/\/linitiative.ca\/International\/wp-json\/wp\/v2\/categories?post=122382"},{"taxonomy":"post_tag","embeddable":true,"href":"https:\/\/linitiative.ca\/International\/wp-json\/wp\/v2\/tags?post=122382"}],"curies":[{"name":"wp","href":"https:\/\/api.w.org\/{rel}","templated":true}]}}