{"id":122383,"date":"2021-07-25T17:19:10","date_gmt":"2021-07-25T21:19:10","guid":{"rendered":"https:\/\/linitiative.ca\/International\/tunisie-kais-saied-avertit-ceux-qui-seraient-tentes-de-recourir-aux-armes\/"},"modified":"2021-07-25T17:19:10","modified_gmt":"2021-07-25T21:19:10","slug":"tunisie-kais-saied-avertit-ceux-qui-seraient-tentes-de-recourir-aux-armes","status":"publish","type":"post","link":"https:\/\/linitiative.ca\/International\/tunisie-kais-saied-avertit-ceux-qui-seraient-tentes-de-recourir-aux-armes\/","title":{"rendered":"Tunisie \u2013 Ka\u00efs Sa\u00efed\u00a0avertit ceux qui seraient tent\u00e9s de recourir aux armes"},"content":{"rendered":"<div>\n<p>Le pr\u00e9sident de la R\u00e9publique, Ka\u00efs Sa\u00efed, a annonc\u00e9 qu\u2019il a dissous le gouvernement et gel\u00e9 le parlement. Il a assur\u00e9 qu\u2019il a \u00e9t\u00e9 oblig\u00e9 de d\u00e9fendre l\u2019Etat et a averti ceux qui seraient tent\u00e9s de recourir \u00e0 la force et aux armes, qu\u2019ils auront \u00e0 faire face aux rafales des forces arm\u00e9s et s\u00e9curitaires.<\/p>\n<p>L\u2019article <a href=\"https:\/\/www.tunisienumerique.com\/tunisie-kais-saied-avertit-ceux-qui-seraient-tentes-de-recourir-aux-armes\/\">Tunisie \u2013 Ka\u00efs Sa\u00efed\u00a0avertit ceux qui seraient tent\u00e9s de recourir aux armes<\/a> est apparu en premier sur <a href=\"https:\/\/www.tunisienumerique.com\/\">Tunisie<\/a>.<\/p>\n<\/div>\n<p>Auteur: LM<br \/>\n<a href=\"https:\/\/www.tunisienumerique.com\/tunisie-kais-saied-avertit-ceux-qui-seraient-tentes-de-recourir-aux-armes\/\">Cliquez ici pour lire l&rsquo;article depuis sa source.<\/a><\/p>\n","protected":false},"excerpt":{"rendered":"<p>Le pr\u00e9sident de la R\u00e9publique, Ka\u00efs Sa\u00efed, a annonc\u00e9 qu\u2019il a dissous le gouvernement et gel\u00e9 le parlement. Il a assur\u00e9 qu\u2019il a \u00e9t\u00e9 oblig\u00e9 de d\u00e9fendre l\u2019Etat et a averti ceux qui seraient tent\u00e9s de recourir \u00e0 la force et aux armes, qu\u2019ils auront \u00e0 faire face aux rafales des forces arm\u00e9s et s\u00e9curitaires. [&hellip;]<\/p>\n","protected":false},"author":1789,"featured_media":0,"comment_status":"closed","ping_status":"closed","sticky":false,"template":"","format":"standard","meta":{"fifu_image_url":"","fifu_image_alt":"","footnotes":""},"categories":[73,55],"tags":[],"class_list":["post-122383","post","type-post","status-publish","format-standard","hentry","category-actualite","category-tunisie"],"_links":{"self":[{"href":"https:\/\/linitiative.ca\/International\/wp-json\/wp\/v2\/posts\/122383","targetHints":{"allow":["GET"]}}],"collection":[{"href":"https:\/\/linitiative.ca\/International\/wp-json\/wp\/v2\/posts"}],"about":[{"href":"https:\/\/linitiative.ca\/International\/wp-json\/wp\/v2\/types\/post"}],"author":[{"embeddable":true,"href":"https:\/\/linitiative.ca\/International\/wp-json\/wp\/v2\/users\/1789"}],"replies":[{"embeddable":true,"href":"https:\/\/linitiative.ca\/International\/wp-json\/wp\/v2\/comments?post=122383"}],"version-history":[{"count":0,"href":"https:\/\/linitiative.ca\/International\/wp-json\/wp\/v2\/posts\/122383\/revisions"}],"wp:attachment":[{"href":"https:\/\/linitiative.ca\/International\/wp-json\/wp\/v2\/media?parent=122383"}],"wp:term":[{"taxonomy":"category","embeddable":true,"href":"https:\/\/linitiative.ca\/International\/wp-json\/wp\/v2\/categories?post=122383"},{"taxonomy":"post_tag","embeddable":true,"href":"https:\/\/linitiative.ca\/International\/wp-json\/wp\/v2\/tags?post=122383"}],"curies":[{"name":"wp","href":"https:\/\/api.w.org\/{rel}","templated":true}]}}