{"id":122384,"date":"2021-07-25T14:04:34","date_gmt":"2021-07-25T18:04:34","guid":{"rendered":"https:\/\/linitiative.ca\/International\/prise-de-fonction-du-haut-representant-de-lua-au-tchad\/"},"modified":"2021-07-25T14:04:34","modified_gmt":"2021-07-25T18:04:34","slug":"prise-de-fonction-du-haut-representant-de-lua-au-tchad","status":"publish","type":"post","link":"https:\/\/linitiative.ca\/International\/prise-de-fonction-du-haut-representant-de-lua-au-tchad\/","title":{"rendered":"PRISE DE FONCTION DU HAUT REPRESENTANT DE L\u2019UA AU TCHAD  \u00a0"},"content":{"rendered":"<div>\n<p><img decoding=\"async\" width=\"696\" height=\"315\" src=\"https:\/\/linitiative.ca\/International\/wp-content\/uploads\/sites\/23\/2021\/07\/Basile-IkoueCC81beCC81.jpeg\" class=\"attachment- size- wp-post-image\" alt=\"\" loading=\"lazy\" style=\"float:left; margin:0 15px 15px 0;\" srcset=\"https:\/\/linitiative.ca\/International\/wp-content\/uploads\/sites\/23\/2021\/07\/Basile-IkoueCC81beCC81.jpeg 696w, https:\/\/lepays.bf\/wp-content\/uploads\/2021\/07\/Basile-Ikoue\u0301be\u0301-300x136.jpeg 300w\" sizes=\"auto, (max-width: 696px) 100vw, 696px\">Le Haut-repr\u00e9sentant de l\u2019Union africaine (UA) pour la transition politique du Tchad, le Congolais Basile Ikou\u00e9b\u00e9, est arriv\u00e9 \u00e0 Ndjamena le dimanche 25 juillet pour sa prise de fonction. Le diplomate congolais, \u00e2g\u00e9 de 74 ans, n\u2019est pas un inconnu au pays de Tombalbaye puisqu\u2019il occupait d\u00e9j\u00e0 le poste d\u2019envoy\u00e9 sp\u00e9cial de l\u2019UA. Il faut \u2026<\/p>\n<p>L\u2019article <a rel=\"nofollow\" href=\"https:\/\/lepays.bf\/prise-de-fonction-du-haut-representant-de-lua-au-tchad\/\">PRISE DE FONCTION DU HAUT REPRESENTANT DE L\u2019UA AU TCHAD  \u00a0<\/a> est apparu en premier sur <a rel=\"nofollow\" href=\"https:\/\/lepays.bf\/\">Editions Le Pays<\/a>.<\/p>\n<\/div>\n<p>Auteur: Editions LEPAYS<br \/>\n<a href=\"https:\/\/lepays.bf\/prise-de-fonction-du-haut-representant-de-lua-au-tchad\/\">Cliquez ici pour lire l&rsquo;article depuis sa source.<\/a><\/p>\n","protected":false},"excerpt":{"rendered":"<p>Le Haut-repr\u00e9sentant de l\u2019Union africaine (UA) pour la transition politique du Tchad, le Congolais Basile Ikou\u00e9b\u00e9, est arriv\u00e9 \u00e0 Ndjamena le dimanche 25 juillet pour sa prise de fonction. Le diplomate congolais, \u00e2g\u00e9 de 74 ans, n\u2019est pas un inconnu au pays de Tombalbaye puisqu\u2019il occupait d\u00e9j\u00e0 le poste d\u2019envoy\u00e9 sp\u00e9cial de l\u2019UA. Il faut [&hellip;]<\/p>\n","protected":false},"author":1813,"featured_media":0,"comment_status":"closed","ping_status":"closed","sticky":false,"template":"","format":"standard","meta":{"fifu_image_url":"https:\/\/lepays.bf\/wp-content\/uploads\/2021\/07\/Basile-Ikoue\u0301be\u0301.jpeg","fifu_image_alt":"PRISE DE FONCTION DU HAUT REPRESENTANT DE L\u2019UA AU TCHAD  \u00a0","footnotes":""},"categories":[73,81],"tags":[],"class_list":["post-122384","post","type-post","status-publish","format-standard","hentry","category-actualite","category-burkina-faso"],"_links":{"self":[{"href":"https:\/\/linitiative.ca\/International\/wp-json\/wp\/v2\/posts\/122384","targetHints":{"allow":["GET"]}}],"collection":[{"href":"https:\/\/linitiative.ca\/International\/wp-json\/wp\/v2\/posts"}],"about":[{"href":"https:\/\/linitiative.ca\/International\/wp-json\/wp\/v2\/types\/post"}],"author":[{"embeddable":true,"href":"https:\/\/linitiative.ca\/International\/wp-json\/wp\/v2\/users\/1813"}],"replies":[{"embeddable":true,"href":"https:\/\/linitiative.ca\/International\/wp-json\/wp\/v2\/comments?post=122384"}],"version-history":[{"count":0,"href":"https:\/\/linitiative.ca\/International\/wp-json\/wp\/v2\/posts\/122384\/revisions"}],"wp:attachment":[{"href":"https:\/\/linitiative.ca\/International\/wp-json\/wp\/v2\/media?parent=122384"}],"wp:term":[{"taxonomy":"category","embeddable":true,"href":"https:\/\/linitiative.ca\/International\/wp-json\/wp\/v2\/categories?post=122384"},{"taxonomy":"post_tag","embeddable":true,"href":"https:\/\/linitiative.ca\/International\/wp-json\/wp\/v2\/tags?post=122384"}],"curies":[{"name":"wp","href":"https:\/\/api.w.org\/{rel}","templated":true}]}}