{"id":122386,"date":"2021-07-25T12:54:24","date_gmt":"2021-07-25T16:54:24","guid":{"rendered":"https:\/\/linitiative.ca\/International\/tac-2021-frat-mat-dit-akwaba-aux-editions-sidwaya-a-abidjan\/"},"modified":"2021-07-25T12:54:24","modified_gmt":"2021-07-25T16:54:24","slug":"tac-2021-frat-mat-dit-akwaba-aux-editions-sidwaya-a-abidjan","status":"publish","type":"post","link":"https:\/\/linitiative.ca\/International\/tac-2021-frat-mat-dit-akwaba-aux-editions-sidwaya-a-abidjan\/","title":{"rendered":"TAC 2021\u00a0: Frat\u2019 Mat dit Akwaba aux Editions Sidwaya \u00e0 Abidjan"},"content":{"rendered":"<div>\n<p><strong>Le groupe Fraternit\u00e9 Matin a offert le samedi 24 juillet 2021 \u00e0 Abidjan un diner de bienvenue \u00e0 la d\u00e9l\u00e9gation des Editions Sidwaya pr\u00e9sente dans la capitale ivoirienne a l\u2019occasion de la 9<sup>e<\/sup> Rencontre au sommet du Trait\u00e9 d\u2019amiti\u00e9 et de coop\u00e9ration (TAC) entre la C\u00f4te-D\u2019Ivoire et le Burkina Faso.<\/strong><\/p>\n<p>Dans le cadre du TAC, la Soci\u00e9t\u00e9 nouvelle de presse et d\u2019\u00e9dition (SNPECI) \u00e9ditrice du quotidien d\u2019Etat Fraternit\u00e9 Matin entretient d\u2019excellente relations de coop\u00e9ration professionnelle dans le domaine de la communication depuis plus d\u2019une dizaine d\u2019ann\u00e9es.<\/p>\n<p>La 9<sup>e<\/sup> Rencontre au sommet du TAC a offert une belle occasion aux deux groupes de presse publique des deux pays fr\u00e8res de magnifier cette coop\u00e9ration.<\/p>\n<p>En effet, le groupe de presse fraternit\u00e9 Matin a offert un diner de fraternit\u00e9 \u00e0 la d\u00e9l\u00e9gation des Editions Sidwaya, conduite par son directeur g\u00e9n\u00e9ral, Mahamadi TIEGNA, au restaurant select \u00ab <em>Chez Jacko<\/em> \u00bb de la petite fille du p\u00e8re de la nation ivoirienne Felix Houphou\u00ebt Boigny avec les sonorit\u00e9s burkinab\u00e8.<\/p>\n<p>Devant le Directeur g\u00e9n\u00e9ral adjoint, Abdel Serges Nouho, de Macaire Dagri, conseiller sp\u00e9cial repr\u00e9sentant le Directeur g\u00e9n\u00e9ral de Frat\u2019mat en d\u00e9placement en France, le doyen Michel Koffi a indiqu\u00e9 que le choix du lieu n\u2019est pas anodin.<\/p>\n<p>Pour lui, le Burkina et la Cote d\u2019Ivoire entretiennent des liens s\u00e9culaires. Les deux pays sont li\u00e9s par l\u2019histoire et la g\u00e9ographie et les deux anciens pr\u00e9sidents feu Felix Boigny et feu Maurice Yam\u00e9ogo ont travaill\u00e9 \u00e0 consolider ces liens. <em>\u00ab Nous sommes chez la petite fille de F\u00e9lix Houphou\u00ebt Boigny, p\u00e8re de la nation ivoirienne, ce n\u2019est pas par hasard<\/em> \u00bb, a-t-il indiqu\u00e9.<\/p>\n<p>Satisfait de la marque d\u2019attention de ses h\u00f4tes, le Directeur g\u00e9n\u00e9ral des Editions Sidwaya, Mahamadi TIEGNA, a remerci\u00e9 le Groupe frat\u2019Mat mais \u00e9galement \u00e0 la petite fille de Houphou\u00ebt Boigny pour l\u2019accueil personnalis\u00e9 dont la d\u00e9l\u00e9gation a \u00e9t\u00e9 l\u2019objet. A cette derni\u00e8re elle a fait un petit cours d\u2019histoire sur son grand p\u00e8re qui a travaill\u00e9 \u00e0 Bati\u00e9 dans le sud-ouest du Burkina pendant la p\u00e9riode coloniale comme m\u00e9decin africain. \u00ab\u00a0<em>La maison d\u2019Houphou\u00ebt Boigny\u00a0<\/em>\u00bb est aujourd\u2019hui une attraction touristique que sa petite fille a promis de s\u2019y rendre.<img decoding=\"async\" loading=\"lazy\" class=\"alignleft size-full wp-image-37835\" src=\"https:\/\/linitiative.ca\/International\/wp-content\/uploads\/sites\/23\/2021\/07\/6.jpg\" alt=\"\" width=\"900\" height=\"405\" srcset=\"https:\/\/linitiative.ca\/International\/wp-content\/uploads\/sites\/23\/2021\/07\/6.jpg 900w, https:\/\/www.sidwaya.info\/wp-content\/uploads\/2021\/07\/6-300x135.jpg 300w, https:\/\/www.sidwaya.info\/wp-content\/uploads\/2021\/07\/6-768x346.jpg 768w, https:\/\/www.sidwaya.info\/wp-content\/uploads\/2021\/07\/6-150x68.jpg 150w, https:\/\/www.sidwaya.info\/wp-content\/uploads\/2021\/07\/6-696x313.jpg 696w\" sizes=\"auto, (max-width: 900px) 100vw, 900px\"><\/p>\n<p>Le programme du s\u00e9jour de la d\u00e9l\u00e9gation des Editions Sidwaya et de l\u2019AIB pr\u00e9voit entre autres, des formations et des \u00e9changes d\u2019exp\u00e9rience dans les domaines du fact checking, le webmarketing, le secr\u00e9tariat de r\u00e9daction, le contr\u00f4le de gestion et de la qualit\u00e9, la gestion des \u00e9quipements d\u2019imprimerie tels qu\u2019une rotative.<\/p>\n<p>\u00a0<\/p>\n<p style=\"text-align: right\">B.S<\/p>\n<p>L\u2019article <a rel=\"nofollow\" href=\"https:\/\/www.sidwaya.info\/blog\/2021\/07\/25\/tac-2021-frat-mat-dit-akwaba-aux-editions-sidwaya-a-abidjan\/\">TAC 2021\u00a0: Frat\u2019 Mat dit Akwaba aux Editions Sidwaya \u00e0 Abidjan<\/a> est apparu en premier sur <a rel=\"nofollow\" href=\"https:\/\/www.sidwaya.info\/\">Quotidien Sidwaya<\/a>.<\/p>\n<\/div>\n<p>Auteur: BS. Sidwaya<br \/>\n<a href=\"https:\/\/www.sidwaya.info\/blog\/2021\/07\/25\/tac-2021-frat-mat-dit-akwaba-aux-editions-sidwaya-a-abidjan\/\">Cliquez ici pour lire l&rsquo;article depuis sa source.<\/a><\/p>\n","protected":false},"excerpt":{"rendered":"<p>Le groupe Fraternit\u00e9 Matin a offert le samedi 24 juillet 2021 \u00e0 Abidjan un diner de bienvenue \u00e0 la d\u00e9l\u00e9gation des Editions Sidwaya pr\u00e9sente dans la capitale ivoirienne a l\u2019occasion de la 9e Rencontre au sommet du Trait\u00e9 d\u2019amiti\u00e9 et de coop\u00e9ration (TAC) entre la C\u00f4te-D\u2019Ivoire et le Burkina Faso. Dans le cadre du TAC, [&hellip;]<\/p>\n","protected":false},"author":1816,"featured_media":0,"comment_status":"closed","ping_status":"closed","sticky":false,"template":"","format":"standard","meta":{"fifu_image_url":"https:\/\/www.sidwaya.info\/wp-content\/uploads\/2021\/07\/6.jpg","fifu_image_alt":"TAC 2021\u00a0: Frat\u2019 Mat dit Akwaba aux Editions Sidwaya \u00e0 Abidjan","footnotes":""},"categories":[73,81],"tags":[],"class_list":["post-122386","post","type-post","status-publish","format-standard","hentry","category-actualite","category-burkina-faso"],"_links":{"self":[{"href":"https:\/\/linitiative.ca\/International\/wp-json\/wp\/v2\/posts\/122386","targetHints":{"allow":["GET"]}}],"collection":[{"href":"https:\/\/linitiative.ca\/International\/wp-json\/wp\/v2\/posts"}],"about":[{"href":"https:\/\/linitiative.ca\/International\/wp-json\/wp\/v2\/types\/post"}],"author":[{"embeddable":true,"href":"https:\/\/linitiative.ca\/International\/wp-json\/wp\/v2\/users\/1816"}],"replies":[{"embeddable":true,"href":"https:\/\/linitiative.ca\/International\/wp-json\/wp\/v2\/comments?post=122386"}],"version-history":[{"count":0,"href":"https:\/\/linitiative.ca\/International\/wp-json\/wp\/v2\/posts\/122386\/revisions"}],"wp:attachment":[{"href":"https:\/\/linitiative.ca\/International\/wp-json\/wp\/v2\/media?parent=122386"}],"wp:term":[{"taxonomy":"category","embeddable":true,"href":"https:\/\/linitiative.ca\/International\/wp-json\/wp\/v2\/categories?post=122386"},{"taxonomy":"post_tag","embeddable":true,"href":"https:\/\/linitiative.ca\/International\/wp-json\/wp\/v2\/tags?post=122386"}],"curies":[{"name":"wp","href":"https:\/\/api.w.org\/{rel}","templated":true}]}}