{"id":122390,"date":"2021-07-25T13:18:02","date_gmt":"2021-07-25T17:18:02","guid":{"rendered":"https:\/\/linitiative.ca\/International\/jo-football-la-cote-divoire-obtient-un-match-nul-contre-le-bresil\/"},"modified":"2021-07-25T13:18:02","modified_gmt":"2021-07-25T17:18:02","slug":"jo-football-la-cote-divoire-obtient-un-match-nul-contre-le-bresil","status":"publish","type":"post","link":"https:\/\/linitiative.ca\/International\/jo-football-la-cote-divoire-obtient-un-match-nul-contre-le-bresil\/","title":{"rendered":"JO\/Football : la C\u00f4te d\u2019Ivoire obtient un match nul contre le Br\u00e9sil"},"content":{"rendered":"<div>\n<p><img loading=\"lazy\" decoding=\"async\" width=\"720\" height=\"480\" src=\"https:\/\/linitiative.ca\/International\/wp-content\/uploads\/sites\/23\/2021\/07\/16272334827372.jpg\" class=\"attachment-post-thumbnail size-post-thumbnail wp-post-image\" alt=\"\" srcset=\"https:\/\/linitiative.ca\/International\/wp-content\/uploads\/sites\/23\/2021\/07\/16272334827372.jpg 720w, https:\/\/www.journalducameroun.com\/wp-content\/uploads\/2021\/07\/16272334827372-300x200.jpg 300w, https:\/\/www.journalducameroun.com\/wp-content\/uploads\/2021\/07\/16272334827372-660x440.jpg 660w, https:\/\/www.journalducameroun.com\/wp-content\/uploads\/2021\/07\/16272334827372-600x400.jpg 600w\" sizes=\"auto, (max-width: 720px) 100vw, 720px\"><\/p>\n<p>Les El\u00e9phants footballeurs espoirs de C\u00f4te d&rsquo;Ivoire ont obtenu, dimanche, le match nul (0-0) face \u00e0 l&rsquo;\u00e9quipe du Br\u00e9sil \u00e0 l&rsquo;issue de la 2\u00e8 journ\u00e9e de la poule D en match comptant pour les Jeux olympiques (JO) Tokyo 2021.<\/p>\n<p>Les El\u00e9phants ont donc r\u00e9ussi leur pari tactique en tenant en \u00e9chec une \u00e9quipe br\u00e9silienne peu inspir\u00e9e, dont les attaques persistantes n&rsquo;ont pu rien donner face \u00e0 un excellent portier ivoirien.<\/p>\n<p>Le soci\u00e9taire de l&rsquo;\u00e9quipe locale du FC San Pedro, Eliezer Ira Tap\u00e9, bien dans ses gants a r\u00e9ussi \u00e0 repousser quelques assauts r\u00e9p\u00e9t\u00e9s de la Sele\u00e7\u00e3o U23, se positionnant ainsi comme l&rsquo;homme de ce match vierge.<\/p>\n<p>Malgr\u00e9 son surnombre (11 contre 10) depuis la quinzi\u00e8me minute de la 1\u00e8re mi-temps, l&rsquo;\u00e9quipe ivoirienne est rest\u00e9e tr\u00e8s peu s\u00fbre d&rsquo;elle tout au long des 90 mn r\u00e9glementaires et des 5 mn de temps additionnels.<\/p>\n<p>Apr\u00e8s la pause, les br\u00e9siliens ont d\u00e9cid\u00e9 de prendre les choses en main face \u00e0 une attaque ivoirienne en manque d&rsquo;inspiration. S&rsquo;en suit alors des perc\u00e9es insistantes des bleu et jaune dans le camp ivoirien. \u00a0<\/p>\n<p>Toutefois, les poulains du coach Soualiho Haidara sont rest\u00e9s attentifs aux consignes, c&rsquo;est-\u00e0-dire contenir l&rsquo;un des grands favoris de ce rendez-vous de Tokyo. Pari r\u00e9ussi donc pour les El\u00e9phants, qui, apr\u00e8s ce match nul, conservent la 2\u00e8 place au classement de la poule D (4 points +1) en attendant les r\u00e9sultats de la rencontre Arabie Saoudite-Allemagne. \u00a0 \u00a0 \u00a0Le Br\u00e9sil se maintient quant \u00e0 lui \u00e0 la t\u00eate de cette poule avec 4 points +2.<\/p>\n<p>La C\u00f4te d&rsquo;Ivoire a connu son premier \u00e9limin\u00e9 de la course aux m\u00e9dailles, samedi, apr\u00e8s la d\u00e9faite du rameur N&rsquo;Dri Franck. Il a fini sa travers\u00e9e \u00e0 la 5\u00e8 place avec un chrono de 8:03.25 \u00e0 l&rsquo;issue des phases de rep\u00eachages \u00e0 l&rsquo;\u00e9preuve du Skiff hommes Aviron.<\/p>\n<p>Cet article <a rel=\"nofollow\" href=\"https:\/\/www.journalducameroun.com\/jo-football-la-cote-divoire-obtient-un-match-nul-contre-le-bresil\/\">JO\/Football : la C\u00f4te d\u2019Ivoire obtient un match nul contre le Br\u00e9sil<\/a> est apparu en premier sur <a rel=\"nofollow\" href=\"https:\/\/www.journalducameroun.com\/\">Journal du Cameroun<\/a>.<\/p>\n<\/div>\n<p>Auteur: APA News<br \/>\n<a href=\"https:\/\/www.journalducameroun.com\/jo-football-la-cote-divoire-obtient-un-match-nul-contre-le-bresil\/\">Cliquez ici pour lire l&rsquo;article depuis sa source.<\/a><\/p>\n","protected":false},"excerpt":{"rendered":"<p>Les El\u00e9phants footballeurs espoirs de C\u00f4te d&rsquo;Ivoire ont obtenu, dimanche, le match nul (0-0) face \u00e0 l&rsquo;\u00e9quipe du Br\u00e9sil \u00e0 l&rsquo;issue de la 2\u00e8 journ\u00e9e de la poule D en match comptant pour les Jeux olympiques (JO) Tokyo 2021. Les El\u00e9phants ont donc r\u00e9ussi leur pari tactique en tenant en \u00e9chec une \u00e9quipe br\u00e9silienne peu [&hellip;]<\/p>\n","protected":false},"author":1965,"featured_media":0,"comment_status":"closed","ping_status":"closed","sticky":false,"template":"","format":"standard","meta":{"fifu_image_url":"https:\/\/www.journalducameroun.com\/wp-content\/uploads\/2021\/07\/16272334827372.jpg","fifu_image_alt":"JO\/Football : la C\u00f4te d\u2019Ivoire obtient un match nul contre le Br\u00e9sil","footnotes":""},"categories":[73,82],"tags":[],"class_list":["post-122390","post","type-post","status-publish","format-standard","hentry","category-actualite","category-cameroun"],"_links":{"self":[{"href":"https:\/\/linitiative.ca\/International\/wp-json\/wp\/v2\/posts\/122390","targetHints":{"allow":["GET"]}}],"collection":[{"href":"https:\/\/linitiative.ca\/International\/wp-json\/wp\/v2\/posts"}],"about":[{"href":"https:\/\/linitiative.ca\/International\/wp-json\/wp\/v2\/types\/post"}],"author":[{"embeddable":true,"href":"https:\/\/linitiative.ca\/International\/wp-json\/wp\/v2\/users\/1965"}],"replies":[{"embeddable":true,"href":"https:\/\/linitiative.ca\/International\/wp-json\/wp\/v2\/comments?post=122390"}],"version-history":[{"count":0,"href":"https:\/\/linitiative.ca\/International\/wp-json\/wp\/v2\/posts\/122390\/revisions"}],"wp:attachment":[{"href":"https:\/\/linitiative.ca\/International\/wp-json\/wp\/v2\/media?parent=122390"}],"wp:term":[{"taxonomy":"category","embeddable":true,"href":"https:\/\/linitiative.ca\/International\/wp-json\/wp\/v2\/categories?post=122390"},{"taxonomy":"post_tag","embeddable":true,"href":"https:\/\/linitiative.ca\/International\/wp-json\/wp\/v2\/tags?post=122390"}],"curies":[{"name":"wp","href":"https:\/\/api.w.org\/{rel}","templated":true}]}}