{"id":122394,"date":"2021-07-25T15:18:02","date_gmt":"2021-07-25T19:18:02","guid":{"rendered":"https:\/\/linitiative.ca\/International\/jo-natation-fin-de-parcours-pour-livoirienne-talita-te-flan\/"},"modified":"2021-07-25T15:18:02","modified_gmt":"2021-07-25T19:18:02","slug":"jo-natation-fin-de-parcours-pour-livoirienne-talita-te-flan","status":"publish","type":"post","link":"https:\/\/linitiative.ca\/International\/jo-natation-fin-de-parcours-pour-livoirienne-talita-te-flan\/","title":{"rendered":"JO\/Natation: fin de parcours pour l\u2019Ivoirienne Talita Te Flan"},"content":{"rendered":"<div>\n<p><img loading=\"lazy\" decoding=\"async\" width=\"2560\" height=\"1558\" src=\"https:\/\/linitiative.ca\/International\/wp-content\/uploads\/sites\/23\/2021\/07\/16272406827620.jpg\" class=\"attachment-post-thumbnail size-post-thumbnail wp-post-image\" alt=\"\" srcset=\"https:\/\/linitiative.ca\/International\/wp-content\/uploads\/sites\/23\/2021\/07\/16272406827620.jpg 2560w, https:\/\/www.journalducameroun.com\/wp-content\/uploads\/2021\/07\/16272406827620-300x183.jpg 300w, https:\/\/www.journalducameroun.com\/wp-content\/uploads\/2021\/07\/16272406827620-768x467.jpg 768w, https:\/\/www.journalducameroun.com\/wp-content\/uploads\/2021\/07\/16272406827620-1024x623.jpg 1024w, https:\/\/www.journalducameroun.com\/wp-content\/uploads\/2021\/07\/16272406827620-723x440.jpg 723w, https:\/\/www.journalducameroun.com\/wp-content\/uploads\/2021\/07\/16272406827620-600x365.jpg 600w\" sizes=\"auto, (max-width: 2560px) 100vw, 2560px\"><\/p>\n<p>La nageuse ivoirienne Talita Marie Te Flan a \u00e9t\u00e9 \u00e9limin\u00e9e, dimanche, \u00e0 Tokyo au Japon, \u00e0 l&rsquo;issue des s\u00e9ries de l&rsquo;\u00e9preuve du 400 m\u00e8tres nage libre comptant pour les Jeux olympiques (JO) 2020.<\/p>\n<p>L&rsquo;ivoirienne a fini 2\u00e8 \u00e0 la s\u00e9rie 1 avec un chrono de 4 mn38, 92s. Ce temps n&rsquo;a malheureusement pas \u00e9t\u00e9 suffisant pour sa qualification \u00e0 la finale de cette \u00e9preuve pr\u00e9vue le lundi 26 juillet 2021.<\/p>\n<p>Les 8 qualifi\u00e9es du 400 m\u00e8tres nage libre f\u00e9minin ont obtenu des chronos compris entre 4 :00.45 pour la 1\u00e8re et 4 :04.07 pour la 8\u00e8 au classement final.<\/p>\n<p>Class\u00e9e 25\u00e8 sur 26 inscrites au d\u00e9part du 400 m\u00e8tres nage libre, l&rsquo;ivoirienne de 26 ans devra se contenter de ce r\u00e9sultat.\u00a0<\/p>\n<p>N\u00e9e en Italie d&rsquo;un p\u00e8re ivoirien et d&rsquo;une m\u00e8re italienne, Te Flan est une habitu\u00e9e des JO. \u00a0En 2016, \u00e0 Rio au Br\u00e9sil, elle avait termin\u00e9 la comp\u00e9tition \u00e0 l&rsquo;\u00e9preuve du 800 m nage libre, au 27\u00e8 rang sur 27 partants, mais son chrono de 9:07.21 avait \u00e9tabli un nouveau record national.<\/p>\n<p>Depuis ao\u00fbt 2016, Te Flan est le d\u00e9tenteur du record national des \u00e9preuves de 200 m, 400 m, 800 m et 1500 m nage libre.<\/p>\n<p>La nageuse est le deuxi\u00e8me athl\u00e8te ivoirien \u00e0 \u00eatre \u00e9limin\u00e9 de la course aux m\u00e9dailles aux olympiades de Tokyo 2021.<\/p>\n<p>Samedi, le rameur N&rsquo;Dri Franck n&rsquo;a pas r\u00e9ussi \u00e0 se faire rep\u00eacher pour les quarts de finale au Skiff hommes Aviron.<\/p>\n<p>Cependant, il reste encore en piste pour la course au classement g\u00e9n\u00e9ral de cette discipline nautique.<\/p>\n<p>Cet article <a rel=\"nofollow\" href=\"https:\/\/www.journalducameroun.com\/jo-natation-fin-de-parcours-pour-livoirienne-talita-te-flan\/\">JO\/Natation: fin de parcours pour l\u2019Ivoirienne Talita Te Flan<\/a> est apparu en premier sur <a rel=\"nofollow\" href=\"https:\/\/www.journalducameroun.com\/\">Journal du Cameroun<\/a>.<\/p>\n<\/div>\n<p>Auteur: APA News<br \/>\n<a href=\"https:\/\/www.journalducameroun.com\/jo-natation-fin-de-parcours-pour-livoirienne-talita-te-flan\/\">Cliquez ici pour lire l&rsquo;article depuis sa source.<\/a><\/p>\n","protected":false},"excerpt":{"rendered":"<p>La nageuse ivoirienne Talita Marie Te Flan a \u00e9t\u00e9 \u00e9limin\u00e9e, dimanche, \u00e0 Tokyo au Japon, \u00e0 l&rsquo;issue des s\u00e9ries de l&rsquo;\u00e9preuve du 400 m\u00e8tres nage libre comptant pour les Jeux olympiques (JO) 2020. L&rsquo;ivoirienne a fini 2\u00e8 \u00e0 la s\u00e9rie 1 avec un chrono de 4 mn38, 92s. Ce temps n&rsquo;a malheureusement pas \u00e9t\u00e9 suffisant [&hellip;]<\/p>\n","protected":false},"author":1965,"featured_media":0,"comment_status":"closed","ping_status":"closed","sticky":false,"template":"","format":"standard","meta":{"fifu_image_url":"https:\/\/www.journalducameroun.com\/wp-content\/uploads\/2021\/07\/16272406827620.jpg","fifu_image_alt":"JO\/Natation: fin de parcours pour l\u2019Ivoirienne Talita Te Flan","footnotes":""},"categories":[73,82],"tags":[],"class_list":["post-122394","post","type-post","status-publish","format-standard","hentry","category-actualite","category-cameroun"],"_links":{"self":[{"href":"https:\/\/linitiative.ca\/International\/wp-json\/wp\/v2\/posts\/122394","targetHints":{"allow":["GET"]}}],"collection":[{"href":"https:\/\/linitiative.ca\/International\/wp-json\/wp\/v2\/posts"}],"about":[{"href":"https:\/\/linitiative.ca\/International\/wp-json\/wp\/v2\/types\/post"}],"author":[{"embeddable":true,"href":"https:\/\/linitiative.ca\/International\/wp-json\/wp\/v2\/users\/1965"}],"replies":[{"embeddable":true,"href":"https:\/\/linitiative.ca\/International\/wp-json\/wp\/v2\/comments?post=122394"}],"version-history":[{"count":0,"href":"https:\/\/linitiative.ca\/International\/wp-json\/wp\/v2\/posts\/122394\/revisions"}],"wp:attachment":[{"href":"https:\/\/linitiative.ca\/International\/wp-json\/wp\/v2\/media?parent=122394"}],"wp:term":[{"taxonomy":"category","embeddable":true,"href":"https:\/\/linitiative.ca\/International\/wp-json\/wp\/v2\/categories?post=122394"},{"taxonomy":"post_tag","embeddable":true,"href":"https:\/\/linitiative.ca\/International\/wp-json\/wp\/v2\/tags?post=122394"}],"curies":[{"name":"wp","href":"https:\/\/api.w.org\/{rel}","templated":true}]}}