{"id":122396,"date":"2021-07-25T16:02:31","date_gmt":"2021-07-25T20:02:31","guid":{"rendered":"https:\/\/linitiative.ca\/International\/cameroun-boko-haram-tue-huit-militaires-et-en-blesse-gravement-treize-autres\/"},"modified":"2021-07-25T16:02:31","modified_gmt":"2021-07-25T20:02:31","slug":"cameroun-boko-haram-tue-huit-militaires-et-en-blesse-gravement-treize-autres","status":"publish","type":"post","link":"https:\/\/linitiative.ca\/International\/cameroun-boko-haram-tue-huit-militaires-et-en-blesse-gravement-treize-autres\/","title":{"rendered":"Cameroun : Boko Haram tue huit militaires et en blesse gravement treize autres"},"content":{"rendered":"<div>\n<p><img loading=\"lazy\" decoding=\"async\" width=\"450\" height=\"296\" src=\"https:\/\/linitiative.ca\/International\/wp-content\/uploads\/sites\/23\/2021\/07\/Boko.jpg\" class=\"attachment-post-thumbnail size-post-thumbnail wp-post-image\" alt=\"\" srcset=\"https:\/\/linitiative.ca\/International\/wp-content\/uploads\/sites\/23\/2021\/07\/Boko.jpg 450w, https:\/\/www.journalducameroun.com\/wp-content\/uploads\/2020\/04\/Boko-300x197.jpg 300w\" sizes=\"auto, (max-width: 450px) 100vw, 450px\"><\/p>\n<h5>Tel est le bilan pr\u00e9sent\u00e9 par le minist\u00e8re en charge de la D\u00e9fense, dans un.communiqu\u00e9 publi\u00e9 ce 25 juillet 2021, et que vous trouverez ci-dessous.<\/h5>\n<p>\u00a0<\/p>\n<p style=\"text-align: center;\"><strong>COMMUNIQUE RADIO-PRESSE<\/strong><\/p>\n<p style=\"text-align: center;\">Le Minist\u00e8re de la D\u00e9lense communique : dans la matin\u00e9e<br \/>\ndu samedi 24 juillet 2021, aux environs de 04 heures, une horde de terroristes Boko Haram lourdement arm\u00e9s et \u00e0 bord de plusieurs v\u00e9hicules tactiques l\u00e9gers, a attaqu\u00e9 le poste avanc\u00e9 de l&rsquo;operation militaire EMERGENCE 4 situ\u00e9 dans la localit\u00e9 de\u00a0Sagm\u00e9, arrondissement de Fotokol, d\u00e9partement du Logone-et-Chari, R\u00e9gion de l&rsquo;Extr\u00eame Nord.<\/p>\n<p style=\"text-align: center;\">Apr\u00e8s de violents combats, les insurg\u00e9s ont repli\u00e9, manifestement en direction de la localit\u00e9 de Wulgo, Etat du\u00a0Borno, dans le nord-est du Nig\u00e9ria.<\/p>\n<p style=\"text-align: center;\">Le bilan provisoire de cette macabre exp\u00e9dition est le<br \/>\nsuivant : Forces de D\u00e9fense Camerounaises: 08 (huit) militaires tu\u00e9s et 13 (treize) bless\u00e9s \u00e9vacu\u00e9s \u00e0 l&rsquo;h\u00f4pital militaire de Maroua pour un suivi appropri\u00e9.<\/p>\n<p style=\"text-align: center;\">Boko Haram: plusieurs assaillants neutralis\u00e9s ; leurs corps ont \u00e9t\u00e9 emport\u00e9s pendant le repli des terroristes conform\u00e9ment \u00e0 leur habitude en pareilles circonstances.<\/p>\n<p style=\"text-align: center;\">Le Ministre D\u00e9l\u00e9gu\u00e9 \u00e0 la Pr\u00e9sidence charg\u00e9 de la D\u00e9fense<br \/>\ntransmet aux familles des militaires disparus, les profondes condol\u00e9ances du Chef de l&rsquo;Etat, Chef des Forces Arm\u00e9es, ainsi que Ses va\u00e6ux de prompt r\u00e9tablissement aux bless\u00e9s.<\/p>\n<p style=\"text-align: center;\">Les troupes restent en alerte maximale dans toute la R\u00e9gion de l&rsquo;Extr\u00e9\u00eame-Nord et au-del\u00e0 des <strong>fronti\u00e8res,<\/strong> afin de pr\u00e9venir de nouveaux assauts \u00e9ventuels de l&rsquo;hydre terroriste Boko Haram, dont les manifestations sont r\u00e9currentes. \/<\/p>\n<p style=\"text-align: center;\">Le Capitaine de Vaisseau<br \/>\nATONEACK GUEMO Cyrille Serge<\/p>\n<p>Cet article <a rel=\"nofollow\" href=\"https:\/\/www.journalducameroun.com\/cameroun-boko-haram-tue-huit-militaires-et-en-blesse-gravement-treize-autres-cameroun\/\">Cameroun : Boko Haram tue huit militaires et en blesse gravement treize autres<\/a> est apparu en premier sur <a rel=\"nofollow\" href=\"https:\/\/www.journalducameroun.com\/\">Journal du Cameroun<\/a>.<\/p>\n<\/div>\n<p>Auteur: Christian DJIMADEU<br \/>\n<a href=\"https:\/\/www.journalducameroun.com\/cameroun-boko-haram-tue-huit-militaires-et-en-blesse-gravement-treize-autres-cameroun\/\">Cliquez ici pour lire l&rsquo;article depuis sa source.<\/a><\/p>\n","protected":false},"excerpt":{"rendered":"<p>Tel est le bilan pr\u00e9sent\u00e9 par le minist\u00e8re en charge de la D\u00e9fense, dans un.communiqu\u00e9 publi\u00e9 ce 25 juillet 2021, et que vous trouverez ci-dessous. \u00a0 COMMUNIQUE RADIO-PRESSE Le Minist\u00e8re de la D\u00e9lense communique : dans la matin\u00e9e du samedi 24 juillet 2021, aux environs de 04 heures, une horde de terroristes Boko Haram lourdement [&hellip;]<\/p>\n","protected":false},"author":1965,"featured_media":0,"comment_status":"closed","ping_status":"closed","sticky":false,"template":"","format":"standard","meta":{"fifu_image_url":"https:\/\/www.journalducameroun.com\/wp-content\/uploads\/2020\/04\/Boko.jpg","fifu_image_alt":"Cameroun : Boko Haram tue huit militaires et en blesse gravement treize autres","footnotes":""},"categories":[73,82],"tags":[],"class_list":["post-122396","post","type-post","status-publish","format-standard","hentry","category-actualite","category-cameroun"],"_links":{"self":[{"href":"https:\/\/linitiative.ca\/International\/wp-json\/wp\/v2\/posts\/122396","targetHints":{"allow":["GET"]}}],"collection":[{"href":"https:\/\/linitiative.ca\/International\/wp-json\/wp\/v2\/posts"}],"about":[{"href":"https:\/\/linitiative.ca\/International\/wp-json\/wp\/v2\/types\/post"}],"author":[{"embeddable":true,"href":"https:\/\/linitiative.ca\/International\/wp-json\/wp\/v2\/users\/1965"}],"replies":[{"embeddable":true,"href":"https:\/\/linitiative.ca\/International\/wp-json\/wp\/v2\/comments?post=122396"}],"version-history":[{"count":0,"href":"https:\/\/linitiative.ca\/International\/wp-json\/wp\/v2\/posts\/122396\/revisions"}],"wp:attachment":[{"href":"https:\/\/linitiative.ca\/International\/wp-json\/wp\/v2\/media?parent=122396"}],"wp:term":[{"taxonomy":"category","embeddable":true,"href":"https:\/\/linitiative.ca\/International\/wp-json\/wp\/v2\/categories?post=122396"},{"taxonomy":"post_tag","embeddable":true,"href":"https:\/\/linitiative.ca\/International\/wp-json\/wp\/v2\/tags?post=122396"}],"curies":[{"name":"wp","href":"https:\/\/api.w.org\/{rel}","templated":true}]}}