{"id":122398,"date":"2021-07-25T05:07:27","date_gmt":"2021-07-25T09:07:27","guid":{"rendered":"https:\/\/linitiative.ca\/International\/le-port-de-douala-baisse-de-25-les-tarifs-de-pesage-pour-le-tchad-et-la-rca\/"},"modified":"2021-07-25T05:07:27","modified_gmt":"2021-07-25T09:07:27","slug":"le-port-de-douala-baisse-de-25-les-tarifs-de-pesage-pour-le-tchad-et-la-rca","status":"publish","type":"post","link":"https:\/\/linitiative.ca\/International\/le-port-de-douala-baisse-de-25-les-tarifs-de-pesage-pour-le-tchad-et-la-rca\/","title":{"rendered":"Le port de Douala baisse de 25% les tarifs de pesage pour le Tchad et la RCA"},"content":{"rendered":"<div>\n<p>Ne disposant pas d\u2019un front de mer, le Tchad et la R\u00e9publique Centrafricaine se rabattent vers les ports Camerounais pour le transit de leurs marchandises. Le Directeur g\u00e9n\u00e9ral du Port autonome de Douala (PAD), Cyrus Ngo\u2019o dans une circulaire sign\u00e9e le 21 juillet 2021, et rendue publique le 23 juillet dernier, accorde un tarif pr\u00e9f\u00e9rentiel du pesage de 250F par tonne aux marchandises en transit \u00e0 destination et en provenance du Tchad et de la R\u00e9publique Centrafricaine via le PAD.\u00a0\u00ab Le public et les clients du Port de Douala-Bonaberi sont inform\u00e9s que dans le cadre de l\u2019offre des services comp\u00e9titifs aux pays voisins et amis. Le Port de Douala accorde un tarif pr\u00e9f\u00e9rentiel du pesage de 250\/tonnes (hors taxes), aux marchandises en transit \u00e0 destination et en provenance du Tchad et de la R\u00e9publique Centrafricaine via le PAD\u00a0\u00bb, \u00e9crit le DG du PAD.\u00a0\u00ab\u00a0Toutes les parties concern\u00e9es sont invit\u00e9s \u00e0 tenir la main aux strict respect de la pr\u00e9sente mesure\u00a0\u00bb, poursuit-il. Cette d\u00e9cision permet alors aux diff\u00e9rents acteurs impliqu\u00e9s de b\u00e9n\u00e9ficier d\u2019une baisse tarifaire de l\u2019ordre de 25%.<\/p>\n<p><strong>Lire aussi : <a href=\"https:\/\/ecomatin.net\/corridor-douala-bangui-ndjamena-40-des-camions-immobilises\/\">Corridor Douala-Bangui-Ndjamena: 40% des camions immobilis\u00e9s<\/a><\/strong><\/p>\n<p>Avant la pr\u00e9sente d\u00e9cision du PAD le tarif de pesage \u00e9tait de 330FCFA, hors taxe. L\u2019on pourrait alors voir en cette d\u00e9cision, une op\u00e9ration de s\u00e9duction pour ces pays amis de la Cemac, apr\u00e8s la reprise des activit\u00e9s post covid-19. En effet, le corridor Douala-Bangui-Ndjamena figure parmi les segments de l\u2019\u00e9conomie s\u00e9v\u00e8rement frapp\u00e9s par la pand\u00e9mie de covid-19. Les \u00e9changes entre le Cameroun et les pays de l\u2019hinterland ont connu un important fl\u00e9chissement du fait de la fermeture des fronti\u00e8res d\u00e9cid\u00e9es par les gouvernements des Etats sous r\u00e9gionaux.<\/p>\n<p><strong>Lire aussi : <a href=\"https:\/\/ecomatin.net\/douanes-less-transporteurss-saisissentt-la-presidence-contre-la-corruption-et-lindisponibilite-du-gps\/\">Douanes : les transporteurs saisissent la Pr\u00e9sidence contre la corruption et l\u2019indisponibilit\u00e9 du Gps<\/a><\/strong><\/p>\n<p>D\u2019apr\u00e8s des chiffres d\u00e9livr\u00e9s par le Bureau de gestion du fret terrestre (Bgft), organisme de gestion du fret terrestre camerounais, le volume du trafic transfrontalier affiche, au cours de la p\u00e9riode du 18 mars au 30 avril 2020, 122.791 tonnes. A la m\u00eame p\u00e9riode 2019, ce volume a atteint 205.369 tonnes. Soit une nette baisse de marchandises \u00e9valu\u00e9e \u00e0 82.578 tonnes, 40,20% de recul de d\u00e9gression de fret. Une op\u00e9ration du PAD qui augure d\u2019une meilleure attractivit\u00e9 du port de Douala ainsi que et des transactions en hausse.<\/p>\n<p><strong>Lire aussi :<\/strong> <strong><a href=\"https:\/\/ecomatin.net\/port-autonome-de-douala-le-tchad-et-la-rca-pourront-quitter-le-quai\/\">Port Autonome de Douala : le Tchad et la RCA pourront quitter le quai<\/a><\/strong><\/p>\n<p>L\u2019article <a rel=\"nofollow\" href=\"https:\/\/ecomatin.net\/le-port-de-douala-baisse-de-25-les-tarifs-de-pesage-pour-le-tchad-et-la-rca\/\">Le port de Douala baisse de 25% les tarifs de pesage pour le Tchad et la RCA<\/a> est apparu en premier sur <a rel=\"nofollow\" href=\"https:\/\/ecomatin.net\/\">EcoMatin<\/a>.<\/p>\n<\/div>\n<p>Auteur: Amina MALLOUM<br \/>\n<a href=\"https:\/\/ecomatin.net\/le-port-de-douala-baisse-de-25-les-tarifs-de-pesage-pour-le-tchad-et-la-rca\/\">Cliquez ici pour lire l&rsquo;article depuis sa source.<\/a><\/p>\n","protected":false},"excerpt":{"rendered":"<p>Ne disposant pas d\u2019un front de mer, le Tchad et la R\u00e9publique Centrafricaine se rabattent vers les ports Camerounais pour le transit de leurs marchandises. Le Directeur g\u00e9n\u00e9ral du Port autonome de Douala (PAD), Cyrus Ngo\u2019o dans une circulaire sign\u00e9e le 21 juillet 2021, et rendue publique le 23 juillet dernier, accorde un tarif pr\u00e9f\u00e9rentiel [&hellip;]<\/p>\n","protected":false},"author":1969,"featured_media":0,"comment_status":"closed","ping_status":"closed","sticky":false,"template":"","format":"standard","meta":{"fifu_image_url":"","fifu_image_alt":"","footnotes":""},"categories":[82,78],"tags":[],"class_list":["post-122398","post","type-post","status-publish","format-standard","hentry","category-cameroun","category-economie"],"_links":{"self":[{"href":"https:\/\/linitiative.ca\/International\/wp-json\/wp\/v2\/posts\/122398","targetHints":{"allow":["GET"]}}],"collection":[{"href":"https:\/\/linitiative.ca\/International\/wp-json\/wp\/v2\/posts"}],"about":[{"href":"https:\/\/linitiative.ca\/International\/wp-json\/wp\/v2\/types\/post"}],"author":[{"embeddable":true,"href":"https:\/\/linitiative.ca\/International\/wp-json\/wp\/v2\/users\/1969"}],"replies":[{"embeddable":true,"href":"https:\/\/linitiative.ca\/International\/wp-json\/wp\/v2\/comments?post=122398"}],"version-history":[{"count":0,"href":"https:\/\/linitiative.ca\/International\/wp-json\/wp\/v2\/posts\/122398\/revisions"}],"wp:attachment":[{"href":"https:\/\/linitiative.ca\/International\/wp-json\/wp\/v2\/media?parent=122398"}],"wp:term":[{"taxonomy":"category","embeddable":true,"href":"https:\/\/linitiative.ca\/International\/wp-json\/wp\/v2\/categories?post=122398"},{"taxonomy":"post_tag","embeddable":true,"href":"https:\/\/linitiative.ca\/International\/wp-json\/wp\/v2\/tags?post=122398"}],"curies":[{"name":"wp","href":"https:\/\/api.w.org\/{rel}","templated":true}]}}