{"id":122407,"date":"2021-07-26T09:00:13","date_gmt":"2021-07-26T13:00:13","guid":{"rendered":"https:\/\/linitiative.ca\/International\/dans-son-nouveau-clip-fatima-tabaamrant-chante-lamazighite\/"},"modified":"2021-07-26T09:00:13","modified_gmt":"2021-07-26T13:00:13","slug":"dans-son-nouveau-clip-fatima-tabaamrant-chante-lamazighite","status":"publish","type":"post","link":"https:\/\/linitiative.ca\/International\/dans-son-nouveau-clip-fatima-tabaamrant-chante-lamazighite\/","title":{"rendered":"Dans son nouveau clip : Fatima Tabaamrant chante l\u2019amazighit\u00e9"},"content":{"rendered":"<div>\n<p><img decoding=\"async\" width=\"300\" height=\"153\" src=\"https:\/\/linitiative.ca\/International\/wp-content\/uploads\/sites\/23\/2021\/07\/Fatima-Tabaamrante-300x153-1.jpg\" class=\"attachment-medium size-medium wp-post-image\" alt=\"\" loading=\"lazy\" srcset=\"\/\/aujourdhui.ma\/wp-content\/uploads\/2021\/07\/Fatima-Tabaamrante--300x153.jpg 300w, \/\/aujourdhui.ma\/wp-content\/uploads\/2021\/07\/Fatima-Tabaamrante--274x140.jpg 274w, \/\/aujourdhui.ma\/wp-content\/uploads\/2021\/07\/Fatima-Tabaamrante-.jpg 746w, \/\/aujourdhui.ma\/wp-content\/uploads\/2021\/07\/Fatima-Tabaamrante--165x84.jpg 165w, \/\/aujourdhui.ma\/wp-content\/uploads\/2021\/07\/Fatima-Tabaamrante--702x358.jpg 702w\" sizes=\"auto, (max-width: 300px) 100vw, 300px\"><\/p>\n<p><span style=\"font-size: 20px; color: #800000;\"><strong>C\u2019est une Fatima Tabaamrante fort attach\u00e9e \u00e0 ses racines que les m\u00e9lomanes d\u00e9couvrent. Elle y met en valeur les tenues traditionnelles amazighes, des d\u00e9cors et des bijoux en argent, ainsi que le \u00abtifinagh\u00bb.<\/strong><\/span><span id=\"more-382531\"><\/span><\/p>\n<p>Du nouveau chez Fatima Tabaamrant. La chanteuse amazighe vient de lancer son single intitul\u00e9 \u00abWargagh awal amazigh\u00bb (J\u2019ai r\u00eav\u00e9 de paroles amazighes). Cette \u0153uvre, dont le vid\u00e9oclip est partag\u00e9 sur YouTube, a d\u00e9j\u00e0 r\u00e9colt\u00e9 53 milles vues apr\u00e8s seulement deux jours de son lancement sur sa cha\u00eene officielle. Et c\u2019est la chanteuse qui a con\u00e7u les paroles et les m\u00e9lodies de ce tube dont le clip est r\u00e9alis\u00e9 par Soufiane Lamghini.<br \/>\nSur la vid\u00e9o, qui s\u2019\u00e9tale sur environ 9 minutes, c\u2019est une Fatima Tabaamrant fort attach\u00e9e \u00e0 ses racines que les m\u00e9lomanes d\u00e9couvrent. Elle y met en valeur les tenues traditionnelles amazighes, des d\u00e9cors et des bijoux en argent, ainsi que le \u00abtifinagh\u00bb. Et ce n\u2019est pas tout. Le clip est dot\u00e9 d\u2019une traduction en fran\u00e7ais des paroles du single. De quoi permettre \u00e0 d\u2019autres publics non amazighophones de les assimiler.<\/p>\n<p><a href=\"https:\/\/linitiative.ca\/International\/wp-content\/uploads\/sites\/23\/2021\/07\/Fatima-Tabaamrant.jpg\"><img decoding=\"async\" loading=\"lazy\" class=\"aligncenter size-full wp-image-382483\" src=\"https:\/\/linitiative.ca\/International\/wp-content\/uploads\/sites\/23\/2021\/07\/Fatima-Tabaamrant.jpg\" alt=\"\" width=\"746\" height=\"380\" srcset=\"\/\/aujourdhui.ma\/wp-content\/uploads\/2021\/07\/Fatima-Tabaamrant.jpg 746w, \/\/aujourdhui.ma\/wp-content\/uploads\/2021\/07\/Fatima-Tabaamrant-300x153.jpg 300w, \/\/aujourdhui.ma\/wp-content\/uploads\/2021\/07\/Fatima-Tabaamrant-274x140.jpg 274w, \/\/aujourdhui.ma\/wp-content\/uploads\/2021\/07\/Fatima-Tabaamrant-165x84.jpg 165w, \/\/aujourdhui.ma\/wp-content\/uploads\/2021\/07\/Fatima-Tabaamrant-702x358.jpg 702w\" sizes=\"auto, (max-width: 746px) 100vw, 746px\"><\/a><br \/>\nQuant au tournage, il s\u2019est d\u00e9roul\u00e9, comme le pr\u00e9cise l\u2019artiste, \u00abdans diff\u00e9rentes r\u00e9gions du Souss-Massa pour en r\u00e9v\u00e9ler la richesse qui abonde dans le sens du sujet du morceau\u00bb. \u00abLe tournage s\u2019est \u00e9tal\u00e9 sur des journ\u00e9es de par la crise du coronavirus qui a fort impact\u00e9 la production artistique\u00bb, ajoute Fatima Tabaamrante, de son vrai nom de famille Chahou. Le tout en rappelant s\u2019\u00eatre pli\u00e9e, avec l\u2019\u00e9quipe de tournage, aux mesures de pr\u00e9caution.<br \/>\nA propos de ses tenues vestimentaires dans le clip, l\u2019artiste indique avoir fait le choix des cr\u00e9ations de la jeune styliste Hanae Rati Ettaleb, qui a introduit une touche amazighe moderne tout en s\u2019attachant \u00e0 la culture marocaine mondiale.<\/p>\n<p>Outre \u00abWargagh awal amazigh\u00bb, la chanteuse, qui con\u00e7oit et compose ses \u0153uvres et po\u00e8mes, se chiffrant \u00e0 plus d\u2019une centaine, par ses propres soins et d\u00e9fend bec et ongles la culture amazighe au niveau national, a lanc\u00e9 en 2020 \u00abAllo Agadir\u00bb pour mettre cette ville en valeur. L\u2019interpr\u00e8te, qui aborde notamment des sujets sociaux et compte \u00e0 son actif plusieurs participations aux festivals, notamment Timitar et Mawazine, a, de plus, re\u00e7u, en tant que \u00abRa\u00efssa\u00bb, par l\u2019Institut royal de la culture amazighe (IRCAM), le prix honorifique de la culture amazighe au titre de 2018, pour toute son \u0153uvre artistique. Elle figure \u00e9galement dans l\u2019anthologie des \u00abRways, voyage dans l\u2019univers des po\u00e8tes chanteurs itin\u00e9rants amazighs\u00bb con\u00e7ue par Brahim El Mazned. Une publication qui met en avant le r\u00f4le de cette interpr\u00e8te en tant que \u00abRa\u00efssa\u00bb. De quoi immortaliser l\u2019\u0153uvre de l\u2019artiste.<\/p>\n<p><a href=\"https:\/\/linitiative.ca\/International\/wp-content\/uploads\/sites\/23\/2021\/07\/Fatima-Tabaamrante.jpg\"><img decoding=\"async\" loading=\"lazy\" class=\"aligncenter size-full wp-image-382533\" src=\"https:\/\/linitiative.ca\/International\/wp-content\/uploads\/sites\/23\/2021\/07\/Fatima-Tabaamrante.jpg\" alt=\"\" width=\"497\" height=\"624\" srcset=\"\/\/aujourdhui.ma\/wp-content\/uploads\/2021\/07\/Fatima-Tabaamrante.jpg 497w, \/\/aujourdhui.ma\/wp-content\/uploads\/2021\/07\/Fatima-Tabaamrante-239x300.jpg 239w\" sizes=\"auto, (max-width: 497px) 100vw, 497px\"><\/a><\/p>\n<p>\u00a0<\/p>\n<\/div>\n<p>Auteur: Salima Guisser<br \/>\n<a href=\"https:\/\/aujourdhui.ma\/culture\/musique\/dans-son-nouveau-clip-fatima-tabaamrant-chante-lamazighite\">Cliquez ici pour lire l&rsquo;article depuis sa source.<\/a><\/p>\n","protected":false},"excerpt":{"rendered":"<p>C\u2019est une Fatima Tabaamrante fort attach\u00e9e \u00e0 ses racines que les m\u00e9lomanes d\u00e9couvrent. Elle y met en valeur les tenues traditionnelles amazighes, des d\u00e9cors et des bijoux en argent, ainsi que le \u00abtifinagh\u00bb. Du nouveau chez Fatima Tabaamrant. La chanteuse amazighe vient de lancer son single intitul\u00e9 \u00abWargagh awal amazigh\u00bb (J\u2019ai r\u00eav\u00e9 de paroles amazighes). [&hellip;]<\/p>\n","protected":false},"author":1759,"featured_media":0,"comment_status":"closed","ping_status":"closed","sticky":false,"template":"","format":"standard","meta":{"fifu_image_url":"https:\/\/aujourdhui.ma\/wp-content\/uploads\/2021\/07\/Fatima-Tabaamrante--300x153.jpg","fifu_image_alt":"Dans son nouveau clip : Fatima Tabaamrant chante l\u2019amazighit\u00e9","footnotes":""},"categories":[73,54],"tags":[],"class_list":["post-122407","post","type-post","status-publish","format-standard","hentry","category-actualite","category-maroc"],"_links":{"self":[{"href":"https:\/\/linitiative.ca\/International\/wp-json\/wp\/v2\/posts\/122407","targetHints":{"allow":["GET"]}}],"collection":[{"href":"https:\/\/linitiative.ca\/International\/wp-json\/wp\/v2\/posts"}],"about":[{"href":"https:\/\/linitiative.ca\/International\/wp-json\/wp\/v2\/types\/post"}],"author":[{"embeddable":true,"href":"https:\/\/linitiative.ca\/International\/wp-json\/wp\/v2\/users\/1759"}],"replies":[{"embeddable":true,"href":"https:\/\/linitiative.ca\/International\/wp-json\/wp\/v2\/comments?post=122407"}],"version-history":[{"count":0,"href":"https:\/\/linitiative.ca\/International\/wp-json\/wp\/v2\/posts\/122407\/revisions"}],"wp:attachment":[{"href":"https:\/\/linitiative.ca\/International\/wp-json\/wp\/v2\/media?parent=122407"}],"wp:term":[{"taxonomy":"category","embeddable":true,"href":"https:\/\/linitiative.ca\/International\/wp-json\/wp\/v2\/categories?post=122407"},{"taxonomy":"post_tag","embeddable":true,"href":"https:\/\/linitiative.ca\/International\/wp-json\/wp\/v2\/tags?post=122407"}],"curies":[{"name":"wp","href":"https:\/\/api.w.org\/{rel}","templated":true}]}}