{"id":122419,"date":"2021-07-26T10:01:13","date_gmt":"2021-07-26T14:01:13","guid":{"rendered":"https:\/\/linitiative.ca\/International\/reunion-mardi-du-conseil-de-gouvernement\/"},"modified":"2021-07-26T10:01:13","modified_gmt":"2021-07-26T14:01:13","slug":"reunion-mardi-du-conseil-de-gouvernement","status":"publish","type":"post","link":"https:\/\/linitiative.ca\/International\/reunion-mardi-du-conseil-de-gouvernement\/","title":{"rendered":"R\u00e9union mardi du Conseil de gouvernement"},"content":{"rendered":"<div>\n<p class=\"has-black-color has-text-color\"><strong>Un Conseil de gouvernement se tiendra ce mardi et suivra, au d\u00e9but de sa r\u00e9union, un expos\u00e9 sur le bilan de la mise en \u0153uvre de la loi de finance 2021 et les perspectives d\u2019\u00e9laboration de celle de 2022, a indiqu\u00e9 lundi le d\u00e9partement du chef du gouvernement.<\/strong><\/p>\n<p class=\"has-black-color has-text-color\">Le Conseil examinera aussi huit projets de d\u00e9cret, dont le premier porte modification du d\u00e9cret relatif \u00e0 la prorogation de la dur\u00e9e d\u2019effet de l\u2019\u00e9tat d\u2019urgence sanitaire sur l\u2019ensemble du territoire national pour faire face \u00e0 la propagation du coronavirus (Covid-19), a pr\u00e9cis\u00e9 le d\u00e9partement dans un communiqu\u00e9.<\/p>\n<p class=\"has-black-color has-text-color\">Le deuxi\u00e8me projet de d\u00e9cret d\u00e9termine la composition du comit\u00e9 national charg\u00e9 de la mise en \u0153uvre des sanctions pr\u00e9vues par les r\u00e9solutions du Conseil de s\u00e9curit\u00e9 des Nations unies en lien avec le terrorisme et la prolif\u00e9ration des armes, leur financement et leur mode fonctionnement.<\/p>\n<p class=\"has-black-color has-text-color\">Le troisi\u00e8me projet de d\u00e9cret, poursuit le communiqu\u00e9, porte sur la nomination aux fonctions sup\u00e9rieures, objet de d\u00e9lib\u00e9ration du Conseil de gouvernement et sur la cr\u00e9ation de l\u2019Instance nationale des fonctions sup\u00e9rieures.<\/p>\n<p class=\"has-black-color has-text-color\">Le quatri\u00e8me modifie et compl\u00e8te le d\u00e9cret portant application de la loi relative aux contrats de partenariat public-priv\u00e9.<\/p>\n<p class=\"has-black-color has-text-color\">Le cinqui\u00e8me projet de d\u00e9cret concerne la Commission nationale du partenariat public-priv\u00e9 (PPP), a ajout\u00e9 la m\u00eame source.<\/p>\n<p class=\"has-black-color has-text-color\">Le sixi\u00e8me projet de d\u00e9cret concerne la qualification de l\u2019autorit\u00e9 gouvernementale en charge des finances en vue de prendre certaines mesures li\u00e9es \u00e0 l\u2019application de la loi portant transformation de le Caisse centrale de garantie en soci\u00e9t\u00e9 anonyme, alors que le septi\u00e8me d\u00e9finit le montant de l\u2019indemnit\u00e9 sp\u00e9ciale dont b\u00e9n\u00e9ficient le pr\u00e9sident et les membres de la Cour constitutionnelle, \u00e0 la cessation de leurs fonctions.<\/p>\n<p class=\"has-black-color has-text-color\">Le dernier projet de d\u00e9cret modifie et compl\u00e8te le d\u00e9cret portant application de la loi relative \u00e0 la lutte contre le dopage dans le sport.<\/p>\n<p class=\"has-black-color has-text-color\">Le Conseil ach\u00e8vera ses travaux par l\u2019examen de propositions de nomination \u00e0 de hautes fonctions conform\u00e9ment aux dispositions de l\u2019article 92 de la Constitution.<\/p>\n<p>L\u2019article <a rel=\"nofollow\" href=\"http:\/\/albayane.press.ma\/reunion-mardi-du-conseil-de-gouvernement-2.html\">R\u00e9union mardi du Conseil de gouvernement<\/a> est apparu en premier sur <a rel=\"nofollow\" href=\"http:\/\/albayane.press.ma\/\">ALBAYANE<\/a>.<\/p>\n<\/div>\n<p>Auteur: M&rsquo;hammed rahal<br \/>\n<a href=\"http:\/\/albayane.press.ma\/reunion-mardi-du-conseil-de-gouvernement-2.html\">Cliquez ici pour lire l&rsquo;article depuis sa source.<\/a><\/p>\n","protected":false},"excerpt":{"rendered":"<p>Un Conseil de gouvernement se tiendra ce mardi et suivra, au d\u00e9but de sa r\u00e9union, un expos\u00e9 sur le bilan de la mise en \u0153uvre de la loi de finance 2021 et les perspectives d\u2019\u00e9laboration de celle de 2022, a indiqu\u00e9 lundi le d\u00e9partement du chef du gouvernement. Le Conseil examinera aussi huit projets de [&hellip;]<\/p>\n","protected":false},"author":1760,"featured_media":0,"comment_status":"closed","ping_status":"closed","sticky":false,"template":"","format":"standard","meta":{"fifu_image_url":"","fifu_image_alt":"","footnotes":""},"categories":[73,54],"tags":[],"class_list":["post-122419","post","type-post","status-publish","format-standard","hentry","category-actualite","category-maroc"],"_links":{"self":[{"href":"https:\/\/linitiative.ca\/International\/wp-json\/wp\/v2\/posts\/122419","targetHints":{"allow":["GET"]}}],"collection":[{"href":"https:\/\/linitiative.ca\/International\/wp-json\/wp\/v2\/posts"}],"about":[{"href":"https:\/\/linitiative.ca\/International\/wp-json\/wp\/v2\/types\/post"}],"author":[{"embeddable":true,"href":"https:\/\/linitiative.ca\/International\/wp-json\/wp\/v2\/users\/1760"}],"replies":[{"embeddable":true,"href":"https:\/\/linitiative.ca\/International\/wp-json\/wp\/v2\/comments?post=122419"}],"version-history":[{"count":0,"href":"https:\/\/linitiative.ca\/International\/wp-json\/wp\/v2\/posts\/122419\/revisions"}],"wp:attachment":[{"href":"https:\/\/linitiative.ca\/International\/wp-json\/wp\/v2\/media?parent=122419"}],"wp:term":[{"taxonomy":"category","embeddable":true,"href":"https:\/\/linitiative.ca\/International\/wp-json\/wp\/v2\/categories?post=122419"},{"taxonomy":"post_tag","embeddable":true,"href":"https:\/\/linitiative.ca\/International\/wp-json\/wp\/v2\/tags?post=122419"}],"curies":[{"name":"wp","href":"https:\/\/api.w.org\/{rel}","templated":true}]}}