{"id":122420,"date":"2021-07-26T10:11:17","date_gmt":"2021-07-26T14:11:17","guid":{"rendered":"https:\/\/linitiative.ca\/International\/le-monde-des-ados-a-bien-debarque-aux-jo\/"},"modified":"2021-07-26T10:11:17","modified_gmt":"2021-07-26T14:11:17","slug":"le-monde-des-ados-a-bien-debarque-aux-jo","status":"publish","type":"post","link":"https:\/\/linitiative.ca\/International\/le-monde-des-ados-a-bien-debarque-aux-jo\/","title":{"rendered":"Le monde des ados a bien d\u00e9barqu\u00e9 aux JO"},"content":{"rendered":"<div>\n<p class=\"has-text-align-center has-vivid-red-color has-text-color\"><strong>JO-2020 \u2013 Skateboard f\u00e9minin<\/strong><\/p>\n<p class=\"has-black-color has-text-color\"><strong>Int\u00e9gr\u00e9 pour donner un coup de jeune, le skateboard a tenu toutes ses promesses lundi lors de l\u2019\u00e9preuve de street f\u00e9minin des JO-2020 \u00e0 Tokyo, avec un podium de 14 ans de moyenne d\u2019\u00e2ge, et une victoire pour la Japonaise Momiji Nishiya, 13 ans seulement.<\/strong><\/p>\n<p class=\"has-black-color has-text-color\">Nishiya est devenue la premi\u00e8re championne olympique de l\u2019histoire du skateboard f\u00e9minin alors que la pratique, plus culturelle que sportive, fait son entr\u00e9e au Japon comme sport additionnel.<\/p>\n<p class=\"has-black-color has-text-color\">La jeune fille d\u2019Osaka, qui f\u00eatera ses 14 ans dans un mois (30 ao\u00fbt), n\u2019est cependant pas la plus jeune championne de l\u2019histoire des JO. Le record de pr\u00e9cocit\u00e9 est d\u00e9tenu depuis 1936 par l\u2019Am\u00e9ricaine Marjorie Gestring, sacr\u00e9e au plongeon \u00e0 13 ans et 267 jours.<\/p>\n<p class=\"has-black-color has-text-color\">La Br\u00e9silienne Rayssa Leal a bien failli faire tomber le record vieux de 85 ans. Mais du haut de 13 ans et 203 jours, elle a accroch\u00e9 l\u2019argent, devant une autre adolescente, la Japonaise Funa Nakayama (16 ans).<\/p>\n<p class=\"has-black-color has-text-color\">Les trois m\u00e9daill\u00e9es se sont illustr\u00e9es en street, l\u2019une des deux disciplines propos\u00e9es aux JO avec le park (ou bowl). En street, le skater doit encha\u00eener des tricks (figures) tr\u00e8s techniques sur des modules rappelant le mobilier urbain comme des rampes.<\/p>\n<p class=\"has-black-color has-text-color\">La veille, le skateboard \u00e9trennait ses premiers \u2018tricks\u2019 olympiques avec le street masculin, remport\u00e9 par le Japonais Yuto Horigome \u2013 \u00e2g\u00e9 lui de 22 ans \u2013 devant le Br\u00e9silien Kelvin Hoefler (28 ans) et l\u2019Am\u00e9ricain Jagger Eaton (20 ans).<\/p>\n<p class=\"has-black-color has-text-color\">Sur les huit finalistes chez les filles, six avaient entre 13 et 20 ans. Seule l\u2019Am\u00e9ricaine Alexis Sablone, quatri\u00e8me, fait office de +mamie+ avec ses 34 ans.<\/p>\n<p class=\"has-black-color has-text-color\">Les filles ont \u00e9norm\u00e9ment progress\u00e9 ses derni\u00e8res ann\u00e9es, port\u00e9es par les gar\u00e7ons, plus exp\u00e9riment\u00e9s qu\u2019elles c\u00f4toyent d\u00e9sormais dans les skateparks, qui poussent partout dans le monde.<\/p>\n<p class=\"has-black-color has-text-color\">Dans l\u2019autre \u00e9preuve olympique qu\u2019est le park, cela est encore plus vrai. La Britannique Sky Brown, un ph\u00e9nom\u00e8ne de 13 ans, vient de remporter les prestigieux X Games \u2013 la comp\u00e9tition de r\u00e9f\u00e9rence dans les sports urbains et extr\u00eames \u2013 en signant d\u2019incroyables figures a\u00e9riennes. Elle sera en lice aux Jeux de Tokyo mercredi 4 ao\u00fbt, face \u00e0 plusieurs autres jeunes pousses.<\/p>\n<p class=\"has-black-color has-text-color\">En street, Rayssa Leal est une prodige et une star dans son pays, comme l\u2019avait expliqu\u00e9 \u00e0 l\u2019AFP le pr\u00e9sident de la F\u00e9d\u00e9ration br\u00e9silienne de skateboard, Eduardo Musa.<\/p>\n<p class=\"has-black-color has-text-color\">\u00ab\u00a0Comment expliquer qu\u2019une enfant de 7, 8 ans soit capable de lancer des tricks que m\u00eame des gars de 28 ou 25 ans ne peuvent pas faire ? C\u2019est un don, elle a quelque chose de diff\u00e9rent\u00a0\u00bb, dit le pr\u00e9sident, qui doit composer avec une enfant.<\/p>\n<p class=\"has-black-color has-text-color\">\u00ab\u00a0J\u2019ai l\u2019habitude de dire que nous avons deux \u00e9quipes du Br\u00e9sil: nous avons l\u2019\u00e9quipe nationale et nous avons Rayssa. Parce que le probl\u00e8me, c\u2019est son \u00e2ge. Nous devons prendre cela comme une diff\u00e9rence. Sans oublier qu\u2019elle est aussi une comp\u00e9titrice\u00a0\u00bb, a-t-il soulign\u00e9.<\/p>\n<p class=\"has-black-color has-text-color\">L\u2019\u00e9quipe a un psychologue, attentif \u00e9galement \u00e0 la famille, qui vit dans un quartier pauvre d\u2019une ville tr\u00e8s peupl\u00e9e dans le nord est du Br\u00e9sil (Imperatriz, \u00c9tat du Maranh\u00e3o).<\/p>\n<p class=\"has-black-color has-text-color\">\u00ab\u00a0Chaque jour, on s\u2019assure qu\u2019elle s\u2019amuse. Si cela devient un travail, c\u2019est qu\u2019il y a quelque chose qui ne va pas. Je lui r\u00e9p\u00e8te, si un jour tout \u00e7a est trop lourd pour toi, tu as le droit de dire: bye bye\u00a0\u00bb, a assur\u00e9 Eduardo Musa.<\/p>\n<p>L\u2019article <a rel=\"nofollow\" href=\"http:\/\/albayane.press.ma\/le-monde-des-ados-a-bien-debarque-aux-jo.html\">Le monde des ados a bien d\u00e9barqu\u00e9 aux JO<\/a> est apparu en premier sur <a rel=\"nofollow\" href=\"http:\/\/albayane.press.ma\/\">ALBAYANE<\/a>.<\/p>\n<\/div>\n<p>Auteur: M&rsquo;hammed rahal<br \/>\n<a href=\"http:\/\/albayane.press.ma\/le-monde-des-ados-a-bien-debarque-aux-jo.html\">Cliquez ici pour lire l&rsquo;article depuis sa source.<\/a><\/p>\n","protected":false},"excerpt":{"rendered":"<p>JO-2020 \u2013 Skateboard f\u00e9minin Int\u00e9gr\u00e9 pour donner un coup de jeune, le skateboard a tenu toutes ses promesses lundi lors de l\u2019\u00e9preuve de street f\u00e9minin des JO-2020 \u00e0 Tokyo, avec un podium de 14 ans de moyenne d\u2019\u00e2ge, et une victoire pour la Japonaise Momiji Nishiya, 13 ans seulement. Nishiya est devenue la premi\u00e8re championne [&hellip;]<\/p>\n","protected":false},"author":1760,"featured_media":0,"comment_status":"closed","ping_status":"closed","sticky":false,"template":"","format":"standard","meta":{"fifu_image_url":"","fifu_image_alt":"","footnotes":""},"categories":[73,54],"tags":[],"class_list":["post-122420","post","type-post","status-publish","format-standard","hentry","category-actualite","category-maroc"],"_links":{"self":[{"href":"https:\/\/linitiative.ca\/International\/wp-json\/wp\/v2\/posts\/122420","targetHints":{"allow":["GET"]}}],"collection":[{"href":"https:\/\/linitiative.ca\/International\/wp-json\/wp\/v2\/posts"}],"about":[{"href":"https:\/\/linitiative.ca\/International\/wp-json\/wp\/v2\/types\/post"}],"author":[{"embeddable":true,"href":"https:\/\/linitiative.ca\/International\/wp-json\/wp\/v2\/users\/1760"}],"replies":[{"embeddable":true,"href":"https:\/\/linitiative.ca\/International\/wp-json\/wp\/v2\/comments?post=122420"}],"version-history":[{"count":0,"href":"https:\/\/linitiative.ca\/International\/wp-json\/wp\/v2\/posts\/122420\/revisions"}],"wp:attachment":[{"href":"https:\/\/linitiative.ca\/International\/wp-json\/wp\/v2\/media?parent=122420"}],"wp:term":[{"taxonomy":"category","embeddable":true,"href":"https:\/\/linitiative.ca\/International\/wp-json\/wp\/v2\/categories?post=122420"},{"taxonomy":"post_tag","embeddable":true,"href":"https:\/\/linitiative.ca\/International\/wp-json\/wp\/v2\/tags?post=122420"}],"curies":[{"name":"wp","href":"https:\/\/api.w.org\/{rel}","templated":true}]}}