{"id":122421,"date":"2021-07-26T10:15:31","date_gmt":"2021-07-26T14:15:31","guid":{"rendered":"https:\/\/linitiative.ca\/International\/lespoir-britannique-pidcock-champion-olympique-de-vtt\/"},"modified":"2021-07-26T10:15:31","modified_gmt":"2021-07-26T14:15:31","slug":"lespoir-britannique-pidcock-champion-olympique-de-vtt","status":"publish","type":"post","link":"https:\/\/linitiative.ca\/International\/lespoir-britannique-pidcock-champion-olympique-de-vtt\/","title":{"rendered":"L\u2019espoir britannique Pidcock champion olympique de VTT"},"content":{"rendered":"<div>\n<p class=\"has-text-align-center has-vivid-red-color has-text-color\"><strong>JO-2020<\/strong><\/p>\n<p class=\"has-black-color has-text-color\"><strong>Le grand espoir britannique de 21 ans Tom Pidcock est devenu lundi champion olympique de VTT aux Jeux de Tokyo, alors que le favori Mathieu van der Poel a abandonn\u00e9 apr\u00e8s une chute impressionnante.<\/strong><\/p>\n<p class=\"has-black-color has-text-color\">Sur le circuit technique et nerveux de Izu, \u00e0 140 km au sud-ouest de Tokyo, Pidcock a devanc\u00e9 le Suisse Mathias Fl\u00fcckiger et l\u2019Espagnol David Valero.<\/p>\n<p class=\"has-black-color has-text-color\">Pidcock, qui succ\u00e8de au palmar\u00e8s au Suisse Nino Schurter, confirme avec cette m\u00e9daille son statut de grand espoir du cyclisme britannique, qui m\u00e8ne deux carri\u00e8res parall\u00e8les, sur route et sur les chemins de terre.<\/p>\n<p class=\"has-black-color has-text-color\">\u00ab\u00a0C\u2019est irr\u00e9el\u00a0\u00bb, a-t-il l\u00e2ch\u00e9 apr\u00e8s sa victoire, \u00ab\u00a0je me disais au d\u00e9part de la course qu\u2019\u00eatre l\u00e0, aux Jeux olympiques, c\u2019\u00e9tait d\u00e9j\u00e0 quelque chose d\u2019extraordinaire en soi\u00a0\u00bb.<\/p>\n<p class=\"has-black-color has-text-color\">Victime d\u2019une fracture de la clavicule fin mai lors d\u2019une chute \u00e0 l\u2019entra\u00eenement, le coureur de l\u2019\u00e9quipe Ineos Grenadiers n\u2019avait plus r\u00e9ussi une bonne course depuis: \u00ab\u00a0Je me suis entra\u00een\u00e9 vraiment dur, je savais que j\u2019\u00e9tais dans une bonne forme mais il y a toujours un doute lorsque vous n\u2019avez pas r\u00e9ussi une bonne course\u00a0\u00bb, a-t-il dit apr\u00e8s l\u2019arriv\u00e9e, \u00ab\u00a0mais apr\u00e8s le d\u00e9part, j\u2019ai vu que j\u2019\u00e9tais dans le coup\u00a0\u00bb.<\/p>\n<p class=\"has-black-color has-text-color\">A Izu, le jeune homme a domin\u00e9 les difficult\u00e9s techniques d\u2019un circuit taill\u00e9 pour les vrais sp\u00e9cialistes du VTT. \u00ab\u00a0Physiquement il est au dessus du lot, et si techniquement il est \u00e0 notre niveau, \u00e7a fait la diff\u00e9rence\u00a0\u00bb, a reconnu le Fran\u00e7ais Victor Koretzky, 5e de la course, et pur v\u00e9t\u00e9tiste.<\/p>\n<p class=\"has-black-color has-text-color\">Sous une chaleur de 30\u00b0C rendue p\u00e9nible par un taux d\u2019humidit\u00e9 de 67%, le champion britannique s\u2019est d\u00e9tach\u00e9 dans le quatri\u00e8me des sept tours de circuit, apr\u00e8s avoir d\u2019abord lutt\u00e9 au coude \u00e0 coude avec Schurter, son a\u00een\u00e9 de 14 ans, et Fl\u00fcckiger, l\u2019homme en forme cette saison sur le circuit mondial.<\/p>\n<p class=\"has-black-color has-text-color\">Fl\u00fcckiger, vainqueur des deux derni\u00e8res manches de coupe du monde avant les Jeux, a \u00e9t\u00e9 le seul \u00e0 s\u2019accrocher, et en a profit\u00e9 pour creuser l\u2019\u00e9cart sur le groupe qui s\u2019est disput\u00e9 la m\u00e9daille de bronze.<\/p>\n<p class=\"has-black-color has-text-color\">Mathieu van der Poel, qui arrivait dans la peau d\u2019un favori apr\u00e8s avoir pass\u00e9 six jours en jaune sur le Tour de France, a vu ses espoirs de m\u00e9dailles ruin\u00e9s d\u00e8s le premier des 7 tours de circuit.<\/p>\n<p class=\"has-black-color has-text-color\">Le N\u00e9erlandais a lourdement chut\u00e9 sur un ressaut rocheux tr\u00e8s engag\u00e9. Pass\u00e9 par dessus son v\u00e9lo, il est rest\u00e9 sonn\u00e9 quelques instants avant de remonter en selle, mais avec une minute de retard sur les leaders. Il a finalement abandonn\u00e9 \u00e0 la fin du 5e tour.<\/p>\n<p>L\u2019article <a rel=\"nofollow\" href=\"http:\/\/albayane.press.ma\/lespoir-britannique-pidcock-champion-olympique-de-vtt.html\">L\u2019espoir britannique Pidcock champion olympique de VTT<\/a> est apparu en premier sur <a rel=\"nofollow\" href=\"http:\/\/albayane.press.ma\/\">ALBAYANE<\/a>.<\/p>\n<\/div>\n<p>Auteur: M&rsquo;hammed rahal<br \/>\n<a href=\"http:\/\/albayane.press.ma\/lespoir-britannique-pidcock-champion-olympique-de-vtt.html\">Cliquez ici pour lire l&rsquo;article depuis sa source.<\/a><\/p>\n","protected":false},"excerpt":{"rendered":"<p>JO-2020 Le grand espoir britannique de 21 ans Tom Pidcock est devenu lundi champion olympique de VTT aux Jeux de Tokyo, alors que le favori Mathieu van der Poel a abandonn\u00e9 apr\u00e8s une chute impressionnante. Sur le circuit technique et nerveux de Izu, \u00e0 140 km au sud-ouest de Tokyo, Pidcock a devanc\u00e9 le Suisse [&hellip;]<\/p>\n","protected":false},"author":1760,"featured_media":0,"comment_status":"closed","ping_status":"closed","sticky":false,"template":"","format":"standard","meta":{"fifu_image_url":"","fifu_image_alt":"","footnotes":""},"categories":[73,54],"tags":[],"class_list":["post-122421","post","type-post","status-publish","format-standard","hentry","category-actualite","category-maroc"],"_links":{"self":[{"href":"https:\/\/linitiative.ca\/International\/wp-json\/wp\/v2\/posts\/122421","targetHints":{"allow":["GET"]}}],"collection":[{"href":"https:\/\/linitiative.ca\/International\/wp-json\/wp\/v2\/posts"}],"about":[{"href":"https:\/\/linitiative.ca\/International\/wp-json\/wp\/v2\/types\/post"}],"author":[{"embeddable":true,"href":"https:\/\/linitiative.ca\/International\/wp-json\/wp\/v2\/users\/1760"}],"replies":[{"embeddable":true,"href":"https:\/\/linitiative.ca\/International\/wp-json\/wp\/v2\/comments?post=122421"}],"version-history":[{"count":0,"href":"https:\/\/linitiative.ca\/International\/wp-json\/wp\/v2\/posts\/122421\/revisions"}],"wp:attachment":[{"href":"https:\/\/linitiative.ca\/International\/wp-json\/wp\/v2\/media?parent=122421"}],"wp:term":[{"taxonomy":"category","embeddable":true,"href":"https:\/\/linitiative.ca\/International\/wp-json\/wp\/v2\/categories?post=122421"},{"taxonomy":"post_tag","embeddable":true,"href":"https:\/\/linitiative.ca\/International\/wp-json\/wp\/v2\/tags?post=122421"}],"curies":[{"name":"wp","href":"https:\/\/api.w.org\/{rel}","templated":true}]}}