{"id":122422,"date":"2021-07-26T10:41:40","date_gmt":"2021-07-26T14:41:40","guid":{"rendered":"https:\/\/linitiative.ca\/International\/les-nonuples-se-portent-bien-a-casablanca\/"},"modified":"2021-07-26T10:41:40","modified_gmt":"2021-07-26T14:41:40","slug":"les-nonuples-se-portent-bien-a-casablanca","status":"publish","type":"post","link":"https:\/\/linitiative.ca\/International\/les-nonuples-se-portent-bien-a-casablanca\/","title":{"rendered":"Les nonupl\u00e9s se portent bien \u00e0 Casablanca"},"content":{"rendered":"<div>\n<p class=\"has-text-align-center has-vivid-red-color has-text-color\"><strong>N\u00e9s en mai d\u2019une maman malienne<\/strong><\/p>\n<p class=\"has-black-color has-text-color\"><strong>Les nonupl\u00e9s n\u00e9s, en mai dernier, dans une clinique priv\u00e9e \u00e0 Casablanca d\u2019une maman malienne se portent bien, a affirm\u00e9 lundi le p\u00e8re de ces enfants, Abdelkader Arbi.<\/strong><\/p>\n<p class=\"has-black-color has-text-color\">Dans une d\u00e9claration \u00e0 la MAP, M. Arbi a indiqu\u00e9 que les conditions de prise en charge ont \u00e9t\u00e9 idoines et optimales depuis l\u2019arriv\u00e9e de son \u00e9pouse au Maroc.<\/p>\n<p class=\"has-black-color has-text-color\">Il a \u00e9galement salu\u00e9 l\u2019engagement de l\u2019Etat malien qui a permis d\u2019\u00e9vacuer sa femme vers une clinique marocaine et de mettre les moyens n\u00e9cessaires pour une prise en charge optimale, remerciant \u00e0 cette occasion le pr\u00e9sident de la Transition du Mali, le Colonel Assimi Go\u00efta.<\/p>\n<p class=\"has-black-color has-text-color\">\u00ab\u00a0Je tiens aussi \u00e0 exprimer mes remerciements \u00e0 SM le Roi Mohammed VI qui a accept\u00e9 de nous recevoir dans un moment crucial caract\u00e9ris\u00e9 par la pand\u00e9mie du Coronavirus\u00a0\u00bb, a soulign\u00e9 M. Arbi.<\/p>\n<p class=\"has-black-color has-text-color\">Il a, en outre, salu\u00e9 le personnel et l\u2019\u00e9quipe de la clinique ainsi que les efforts d\u00e9ploy\u00e9s par le corps m\u00e9dical malien qui a choisi le Maroc.<\/p>\n<p class=\"has-black-color has-text-color\">Parmi les pr\u00e9noms choisis pour ces b\u00e9b\u00e9s figure celui de Mohammed. \u00ab\u00a0J\u2019ai choisi ce pr\u00e9nom en hommage \u00e0 SM le Roi Mohammed VI\u00a0\u00bb, a lanc\u00e9 fi\u00e8rement ce p\u00e8re heureux.<\/p>\n<p class=\"has-black-color has-text-color\">Pour sa part, le Pr. Youssef Alaoui, directeur de la clinique a affirm\u00e9 que les b\u00e9b\u00e9s se portent bien et subissent les soins n\u00e9cessaires et sortiront bient\u00f4t de la clinique, rappelant que l\u2019\u00e9tablissement a mobilis\u00e9 tous les moyens pour une meilleure prise en charge.<\/p>\n<p class=\"has-black-color has-text-color\">Il a, par ailleurs, rappel\u00e9 que le syst\u00e8me de sant\u00e9 marocain a beaucoup \u00e9volu\u00e9 et dispose de grandes comp\u00e9tences et d\u2019infrastructures de pointe, \u00ab\u00a0une donne qui encourage nos confr\u00e8res africains de venir au Maroc\u00a0\u00bb.<\/p>\n<p class=\"has-black-color has-text-color\">De son c\u00f4t\u00e9, Soumia Arkoubi, infirmi\u00e8re-chef au service de r\u00e9animation n\u00e9onatale, a affirm\u00e9 que les \u00e9quipes m\u00e9dicales de la clinique se sont mobilis\u00e9es pour la prise en charge de ces b\u00e9b\u00e9s. Elle a indiqu\u00e9 que l\u2019exp\u00e9rience du staffe et les moyens techniques ont permis la prise en charge imm\u00e9diate de ces b\u00e9b\u00e9s.<\/p>\n<p class=\"has-black-color has-text-color\">N\u00e9s par c\u00e9sarienne, ces b\u00e9b\u00e9s pesaient entre 500 et 1100 grammes. Ils \u00e9taient sous surveillance dans le service de r\u00e9animation n\u00e9onatale.<\/p>\n<p class=\"has-black-color has-text-color\">L\u2019\u00e9quipe m\u00e9dicale pensait que la jeune malienne (26 ans) \u00e9tait enceinte de septupl\u00e9s annonc\u00e9s par les r\u00e9sultats d\u2019\u00e9chographies mais elle a finalement accouch\u00e9 de neuf b\u00e9b\u00e9s.<\/p>\n<p class=\"has-black-color has-text-color\">La patiente a \u00e9t\u00e9 admise \u00e0 la clinique \u00e0 25 Semaines de grossesse. Les \u00e9quipes ont prescrit un traitement tocolytique afin de donner un maximum de chance aux nouveaux n\u00e9s et la maman a finalement accouch\u00e9 au bout de 30 Semaines.<br \/>Une \u00e9quipe multidisciplinaire de plus de 30 personnes avait \u00e9t\u00e9 mobilis\u00e9e pour cet accouchement hors norme.<\/p>\n<p>L\u2019article <a rel=\"nofollow\" href=\"http:\/\/albayane.press.ma\/les-nonuples-se-portent-bien-a-casablanca.html\">Les nonupl\u00e9s se portent bien \u00e0 Casablanca<\/a> est apparu en premier sur <a rel=\"nofollow\" href=\"http:\/\/albayane.press.ma\/\">ALBAYANE<\/a>.<\/p>\n<\/div>\n<p>Auteur: M&rsquo;hammed rahal<br \/>\n<a href=\"http:\/\/albayane.press.ma\/les-nonuples-se-portent-bien-a-casablanca.html\">Cliquez ici pour lire l&rsquo;article depuis sa source.<\/a><\/p>\n","protected":false},"excerpt":{"rendered":"<p>N\u00e9s en mai d\u2019une maman malienne Les nonupl\u00e9s n\u00e9s, en mai dernier, dans une clinique priv\u00e9e \u00e0 Casablanca d\u2019une maman malienne se portent bien, a affirm\u00e9 lundi le p\u00e8re de ces enfants, Abdelkader Arbi. Dans une d\u00e9claration \u00e0 la MAP, M. Arbi a indiqu\u00e9 que les conditions de prise en charge ont \u00e9t\u00e9 idoines et [&hellip;]<\/p>\n","protected":false},"author":1760,"featured_media":0,"comment_status":"closed","ping_status":"closed","sticky":false,"template":"","format":"standard","meta":{"fifu_image_url":"","fifu_image_alt":"","footnotes":""},"categories":[73,54],"tags":[],"class_list":["post-122422","post","type-post","status-publish","format-standard","hentry","category-actualite","category-maroc"],"_links":{"self":[{"href":"https:\/\/linitiative.ca\/International\/wp-json\/wp\/v2\/posts\/122422","targetHints":{"allow":["GET"]}}],"collection":[{"href":"https:\/\/linitiative.ca\/International\/wp-json\/wp\/v2\/posts"}],"about":[{"href":"https:\/\/linitiative.ca\/International\/wp-json\/wp\/v2\/types\/post"}],"author":[{"embeddable":true,"href":"https:\/\/linitiative.ca\/International\/wp-json\/wp\/v2\/users\/1760"}],"replies":[{"embeddable":true,"href":"https:\/\/linitiative.ca\/International\/wp-json\/wp\/v2\/comments?post=122422"}],"version-history":[{"count":0,"href":"https:\/\/linitiative.ca\/International\/wp-json\/wp\/v2\/posts\/122422\/revisions"}],"wp:attachment":[{"href":"https:\/\/linitiative.ca\/International\/wp-json\/wp\/v2\/media?parent=122422"}],"wp:term":[{"taxonomy":"category","embeddable":true,"href":"https:\/\/linitiative.ca\/International\/wp-json\/wp\/v2\/categories?post=122422"},{"taxonomy":"post_tag","embeddable":true,"href":"https:\/\/linitiative.ca\/International\/wp-json\/wp\/v2\/tags?post=122422"}],"curies":[{"name":"wp","href":"https:\/\/api.w.org\/{rel}","templated":true}]}}