{"id":122425,"date":"2021-07-26T11:00:00","date_gmt":"2021-07-26T15:00:00","guid":{"rendered":"https:\/\/linitiative.ca\/International\/tebboune-recoit-un-appel-telephonique-de-kais-saied\/"},"modified":"2021-07-26T11:00:00","modified_gmt":"2021-07-26T15:00:00","slug":"tebboune-recoit-un-appel-telephonique-de-kais-saied","status":"publish","type":"post","link":"https:\/\/linitiative.ca\/International\/tebboune-recoit-un-appel-telephonique-de-kais-saied\/","title":{"rendered":"Tebboune re\u00e7oit un appel t\u00e9l\u00e9phonique de Ka\u00efs Sa\u00efed"},"content":{"rendered":"<div>Le pr\u00e9sident de la R\u00e9publique, Abdelmadjid Tebboune, a re\u00e7u, lundi, un appel t\u00e9l\u00e9phonique de son homologue tunisien, Ka\u00efs Sa\u00efed, durant lequel a \u00e9t\u00e9 \u00e9voqu\u00e9e la situation en Tunisie, a indiqu\u00e9 un communiqu\u00e9 de la pr\u00e9sidence de la R\u00e9publique.<\/div>\n<p>Auteur:<br \/>\n<a href=\"https:\/\/www.liberte-algerie.com\/actualite\/tebboune-recoit-un-appel-telephonique-de-kais-saied-362437\">Cliquez ici pour lire l&rsquo;article depuis sa source.<\/a><\/p>\n","protected":false},"excerpt":{"rendered":"<p>Le pr\u00e9sident de la R\u00e9publique, Abdelmadjid Tebboune, a re\u00e7u, lundi, un appel t\u00e9l\u00e9phonique de son homologue tunisien, Ka\u00efs Sa\u00efed, durant lequel a \u00e9t\u00e9 \u00e9voqu\u00e9e la situation en Tunisie, a indiqu\u00e9 un communiqu\u00e9 de la pr\u00e9sidence de la R\u00e9publique. Auteur: Cliquez ici pour lire l&rsquo;article depuis sa source.<\/p>\n","protected":false},"author":1742,"featured_media":0,"comment_status":"closed","ping_status":"closed","sticky":false,"template":"","format":"standard","meta":{"fifu_image_url":"","fifu_image_alt":"","footnotes":""},"categories":[73,53],"tags":[],"class_list":["post-122425","post","type-post","status-publish","format-standard","hentry","category-actualite","category-algerie"],"_links":{"self":[{"href":"https:\/\/linitiative.ca\/International\/wp-json\/wp\/v2\/posts\/122425","targetHints":{"allow":["GET"]}}],"collection":[{"href":"https:\/\/linitiative.ca\/International\/wp-json\/wp\/v2\/posts"}],"about":[{"href":"https:\/\/linitiative.ca\/International\/wp-json\/wp\/v2\/types\/post"}],"author":[{"embeddable":true,"href":"https:\/\/linitiative.ca\/International\/wp-json\/wp\/v2\/users\/1742"}],"replies":[{"embeddable":true,"href":"https:\/\/linitiative.ca\/International\/wp-json\/wp\/v2\/comments?post=122425"}],"version-history":[{"count":0,"href":"https:\/\/linitiative.ca\/International\/wp-json\/wp\/v2\/posts\/122425\/revisions"}],"wp:attachment":[{"href":"https:\/\/linitiative.ca\/International\/wp-json\/wp\/v2\/media?parent=122425"}],"wp:term":[{"taxonomy":"category","embeddable":true,"href":"https:\/\/linitiative.ca\/International\/wp-json\/wp\/v2\/categories?post=122425"},{"taxonomy":"post_tag","embeddable":true,"href":"https:\/\/linitiative.ca\/International\/wp-json\/wp\/v2\/tags?post=122425"}],"curies":[{"name":"wp","href":"https:\/\/api.w.org\/{rel}","templated":true}]}}