{"id":122432,"date":"2021-07-26T13:09:22","date_gmt":"2021-07-26T17:09:22","guid":{"rendered":"https:\/\/linitiative.ca\/International\/2-205-cas-plus-de-98-millions-personnes-completement-vaccinees\/"},"modified":"2021-07-26T13:09:22","modified_gmt":"2021-07-26T17:09:22","slug":"2-205-cas-plus-de-98-millions-personnes-completement-vaccinees","status":"publish","type":"post","link":"https:\/\/linitiative.ca\/International\/2-205-cas-plus-de-98-millions-personnes-completement-vaccinees\/","title":{"rendered":"2.205 cas, plus de 9,8 millions personnes compl\u00e8tement vaccin\u00e9es"},"content":{"rendered":"<div>\n<div style=\"margin-bottom:20px;\"><img loading=\"lazy\" decoding=\"async\" width=\"750\" height=\"430\" src=\"https:\/\/linitiative.ca\/International\/wp-content\/uploads\/sites\/23\/2021\/07\/bilan-fr-11.jpg\" class=\"attachment-post-thumbnail size-post-thumbnail wp-post-image\" alt=\"\" srcset=\"https:\/\/linitiative.ca\/International\/wp-content\/uploads\/sites\/23\/2021\/07\/bilan-fr-11.jpg 750w, http:\/\/www.mapmarrakech.ma\/map\/uploads\/2021\/07\/bilan-fr-11-300x172.jpg 300w\" sizes=\"auto, (max-width: 750px) 100vw, 750px\"><\/div>\n<p>Le nombre de primo-vaccin\u00e9s est de 12.061.160, alors que celui des personnes compl\u00e8tement vaccin\u00e9es (1\u00e8re et 2\u00e8me doses) s\u2019\u00e9l\u00e8ve \u00e0 9.864.912, a pr\u00e9cis\u00e9 le minist\u00e8re dans son bulletin quotidien sur la situation de Covid-19.<\/p>\n<p>Le nouveau bilan porte \u00e0 581.477 le nombre total des contaminations depuis le premier cas signal\u00e9 au Maroc en mars 2020. Le nombre des personnes r\u00e9tablies est pass\u00e9 \u00e0 546.426, soit un taux de gu\u00e9rison de 94%.<\/p>\n<p>Quant aux d\u00e9c\u00e8s, leur nombre total est pass\u00e9 \u00e0 9.611 (l\u00e9talit\u00e9 1,7%), avec 22 nouveaux cas enregistr\u00e9s dans les r\u00e9gions de Casablanca-Settat (6), Souss-Massa (5), Marrakech-Safi (4), Beni Mellal-Kh\u00e9nifra (1), Tanger-T\u00e9touan-Al Hoceima (2), Rabat-Sal\u00e9-K\u00e9nitra (1), F\u00e8s-Mekn\u00e8s (1), La\u00e2youne- Sakia El Hamra (1) et Dr\u00e2a-Tafilalet (1).<\/p>\n<p>Les nouvelles contaminations ont \u00e9t\u00e9 recens\u00e9es dans les r\u00e9gions de Casablanca-Settat (512), Souss-Massa (456), Marrakech-Safi (432), Beni Mellal-Kh\u00e9nifra (145), Tanger-T\u00e9touan-Al Hoceima (125), Rabat-Sal\u00e9-Kenitra (118), F\u00e8s-Mekn\u00e8s (97), Guelmim-Oued Noun (92), l\u2019Oriental (86), La\u00e2youne-Sakia El Hamra (49), Dr\u00e2a-Tafilalet (49) et Dakhla-Oued Eddahab (44).<\/p>\n<p>Les cas actifs sont au nombre de 25.440, tandis que les cas s\u00e9v\u00e8res ou critiques ont atteint 734, dont 25 plac\u00e9s sous intubation.<\/p>\n<p>The post <a rel=\"nofollow\" href=\"http:\/\/www.mapmarrakech.ma\/fr\/2-205-cas-plus-de-98-millions-personnes-completement-vaccinees\/\">2.205 cas, plus de 9,8 millions personnes compl\u00e8tement vaccin\u00e9es<\/a> appeared first on <a rel=\"nofollow\" href=\"http:\/\/www.mapmarrakech.ma\/fr\">MapMarrakech<\/a>.<\/p>\n<\/div>\n<p>Auteur: Meriem IGASS<br \/>\n<a href=\"http:\/\/www.mapmarrakech.ma\/fr\/2-205-cas-plus-de-98-millions-personnes-completement-vaccinees\/\">Cliquez ici pour lire l&rsquo;article depuis sa source.<\/a><\/p>\n","protected":false},"excerpt":{"rendered":"<p>Le nombre de primo-vaccin\u00e9s est de 12.061.160, alors que celui des personnes compl\u00e8tement vaccin\u00e9es (1\u00e8re et 2\u00e8me doses) s\u2019\u00e9l\u00e8ve \u00e0 9.864.912, a pr\u00e9cis\u00e9 le minist\u00e8re dans son bulletin quotidien sur la situation de Covid-19. Le nouveau bilan porte \u00e0 581.477 le nombre total des contaminations depuis le premier cas signal\u00e9 au Maroc en mars 2020. [&hellip;]<\/p>\n","protected":false},"author":1788,"featured_media":0,"comment_status":"closed","ping_status":"closed","sticky":false,"template":"","format":"standard","meta":{"fifu_image_url":"http:\/\/www.mapmarrakech.ma\/map\/uploads\/2021\/07\/bilan-fr-11.jpg","fifu_image_alt":"2.205 cas, plus de 9,8 millions personnes compl\u00e8tement vaccin\u00e9es","footnotes":""},"categories":[54,76],"tags":[],"class_list":["post-122432","post","type-post","status-publish","format-standard","hentry","category-maroc","category-regions"],"_links":{"self":[{"href":"https:\/\/linitiative.ca\/International\/wp-json\/wp\/v2\/posts\/122432","targetHints":{"allow":["GET"]}}],"collection":[{"href":"https:\/\/linitiative.ca\/International\/wp-json\/wp\/v2\/posts"}],"about":[{"href":"https:\/\/linitiative.ca\/International\/wp-json\/wp\/v2\/types\/post"}],"author":[{"embeddable":true,"href":"https:\/\/linitiative.ca\/International\/wp-json\/wp\/v2\/users\/1788"}],"replies":[{"embeddable":true,"href":"https:\/\/linitiative.ca\/International\/wp-json\/wp\/v2\/comments?post=122432"}],"version-history":[{"count":0,"href":"https:\/\/linitiative.ca\/International\/wp-json\/wp\/v2\/posts\/122432\/revisions"}],"wp:attachment":[{"href":"https:\/\/linitiative.ca\/International\/wp-json\/wp\/v2\/media?parent=122432"}],"wp:term":[{"taxonomy":"category","embeddable":true,"href":"https:\/\/linitiative.ca\/International\/wp-json\/wp\/v2\/categories?post=122432"},{"taxonomy":"post_tag","embeddable":true,"href":"https:\/\/linitiative.ca\/International\/wp-json\/wp\/v2\/tags?post=122432"}],"curies":[{"name":"wp","href":"https:\/\/api.w.org\/{rel}","templated":true}]}}