{"id":122434,"date":"2021-07-26T13:27:26","date_gmt":"2021-07-26T17:27:26","guid":{"rendered":"https:\/\/linitiative.ca\/International\/vaccination-anti-covid-19-integration-des-25-ans-et-plus\/"},"modified":"2021-07-26T13:27:26","modified_gmt":"2021-07-26T17:27:26","slug":"vaccination-anti-covid-19-integration-des-25-ans-et-plus","status":"publish","type":"post","link":"https:\/\/linitiative.ca\/International\/vaccination-anti-covid-19-integration-des-25-ans-et-plus\/","title":{"rendered":"Vaccination anti Covid-19: Int\u00e9gration des 25 ans et plus"},"content":{"rendered":"<div>\n<div style=\"margin-bottom:20px;\"><img loading=\"lazy\" decoding=\"async\" width=\"750\" height=\"430\" src=\"https:\/\/linitiative.ca\/International\/wp-content\/uploads\/sites\/23\/2021\/07\/vaccin-3copier.jpg\" class=\"attachment-post-thumbnail size-post-thumbnail wp-post-image\" alt=\"\" srcset=\"https:\/\/linitiative.ca\/International\/wp-content\/uploads\/sites\/23\/2021\/07\/vaccin-3copier.jpg 750w, http:\/\/www.mapmarrakech.ma\/map\/uploads\/2021\/07\/vaccin-3copier-300x172.jpg 300w\" sizes=\"auto, (max-width: 750px) 100vw, 750px\"><\/div>\n<p>Afin d\u2019acc\u00e9l\u00e9rer la cadence et faciliter l\u2019acc\u00e8s au vaccin, les citoyens peuvent d\u00e9sormais se diriger vers le centre de vaccination le plus proche, que ce soit pour la premi\u00e8re ou la deuxi\u00e8me dose, sans prendre en compte les conditions li\u00e9es au domicile, affirme le minist\u00e8re dans un communiqu\u00e9.<\/p>\n<p>Le minist\u00e8re rappelle que les centres de vaccination sont ouverts tous les jours jusqu\u2019\u00e0 20h00, afin de permettre aux fonctionnaires, employ\u00e9s et autres cat\u00e9gories ayant des emp\u00eachements d\u2019ordre professionnel d\u2019en b\u00e9n\u00e9ficier.<\/p>\n<p>Et d\u2019appeler l\u2019ensemble des cat\u00e9gories cibl\u00e9es \u00e0 poursuivre leur adh\u00e9sion \u00e0 ce chantier national majeur, afin de contribuer aux efforts visant \u00e0 endiguer ce virus et atteindre l\u2019immunit\u00e9 collective pour retrouver la vie normale.<\/p>\n<p>The post <a rel=\"nofollow\" href=\"http:\/\/www.mapmarrakech.ma\/fr\/vaccination-anti-covid-19-integration-des-25-ans-et-plus\/\">Vaccination anti Covid-19: Int\u00e9gration des 25 ans et plus<\/a> appeared first on <a rel=\"nofollow\" href=\"http:\/\/www.mapmarrakech.ma\/fr\">MapMarrakech<\/a>.<\/p>\n<\/div>\n<p>Auteur: Meriem IGASS<br \/>\n<a href=\"http:\/\/www.mapmarrakech.ma\/fr\/vaccination-anti-covid-19-integration-des-25-ans-et-plus\/\">Cliquez ici pour lire l&rsquo;article depuis sa source.<\/a><\/p>\n","protected":false},"excerpt":{"rendered":"<p>Afin d\u2019acc\u00e9l\u00e9rer la cadence et faciliter l\u2019acc\u00e8s au vaccin, les citoyens peuvent d\u00e9sormais se diriger vers le centre de vaccination le plus proche, que ce soit pour la premi\u00e8re ou la deuxi\u00e8me dose, sans prendre en compte les conditions li\u00e9es au domicile, affirme le minist\u00e8re dans un communiqu\u00e9. Le minist\u00e8re rappelle que les centres de [&hellip;]<\/p>\n","protected":false},"author":1788,"featured_media":0,"comment_status":"closed","ping_status":"closed","sticky":false,"template":"","format":"standard","meta":{"fifu_image_url":"http:\/\/www.mapmarrakech.ma\/map\/uploads\/2021\/07\/vaccin-3copier.jpg","fifu_image_alt":"Vaccination anti Covid-19: Int\u00e9gration des 25 ans et plus","footnotes":""},"categories":[54,76],"tags":[],"class_list":["post-122434","post","type-post","status-publish","format-standard","hentry","category-maroc","category-regions"],"_links":{"self":[{"href":"https:\/\/linitiative.ca\/International\/wp-json\/wp\/v2\/posts\/122434","targetHints":{"allow":["GET"]}}],"collection":[{"href":"https:\/\/linitiative.ca\/International\/wp-json\/wp\/v2\/posts"}],"about":[{"href":"https:\/\/linitiative.ca\/International\/wp-json\/wp\/v2\/types\/post"}],"author":[{"embeddable":true,"href":"https:\/\/linitiative.ca\/International\/wp-json\/wp\/v2\/users\/1788"}],"replies":[{"embeddable":true,"href":"https:\/\/linitiative.ca\/International\/wp-json\/wp\/v2\/comments?post=122434"}],"version-history":[{"count":0,"href":"https:\/\/linitiative.ca\/International\/wp-json\/wp\/v2\/posts\/122434\/revisions"}],"wp:attachment":[{"href":"https:\/\/linitiative.ca\/International\/wp-json\/wp\/v2\/media?parent=122434"}],"wp:term":[{"taxonomy":"category","embeddable":true,"href":"https:\/\/linitiative.ca\/International\/wp-json\/wp\/v2\/categories?post=122434"},{"taxonomy":"post_tag","embeddable":true,"href":"https:\/\/linitiative.ca\/International\/wp-json\/wp\/v2\/tags?post=122434"}],"curies":[{"name":"wp","href":"https:\/\/api.w.org\/{rel}","templated":true}]}}