{"id":122438,"date":"2021-07-26T10:09:20","date_gmt":"2021-07-26T14:09:20","guid":{"rendered":"https:\/\/linitiative.ca\/International\/stmicroelectronics-lusine-de-bouskoura-utilisera-50-denergies-renouvelables\/"},"modified":"2021-07-26T10:09:20","modified_gmt":"2021-07-26T14:09:20","slug":"stmicroelectronics-lusine-de-bouskoura-utilisera-50-denergies-renouvelables","status":"publish","type":"post","link":"https:\/\/linitiative.ca\/International\/stmicroelectronics-lusine-de-bouskoura-utilisera-50-denergies-renouvelables\/","title":{"rendered":"STMicroelectronics: L\u2019usine de Bouskoura utilisera 50% d\u2019\u00e9nergies renouvelables"},"content":{"rendered":"<div>\n<div class=\"field field-name-body field-type-text-with-summary field-label-hidden\">\n<div class=\"field-items\">\n<div class=\"field-item even\" property=\"content:encoded\">\n<p class=\"rtejustify\">L\u2019usine STMicroelectronics de Bouskoura fonctionnera en partie aux \u00e9nergies renouvelables. Le site utilisera 50\u2009% d\u2019\u00e9nergies renouvelables d\u2019ici 2022, selon la\u00a0soci\u00e9t\u00e9. Ce projet marque une nouvelle \u00e9tape dans l\u2019engagement de STMicroelectronics \u00e0 s\u2019approvisionner en \u00e9nergies renouvelables et atteindre la neutralit\u00e9 carbone d\u2019ici 2027, ajoute la soci\u00e9t\u00e9, pr\u00e9cisant que la soci\u00e9t\u00e9 sp\u00e9cialis\u00e9e dans semi-conducteurs s\u2019approvisionnera en \u00e9nergies provenant de sources renouvelables \u00e0 hauteur de 50\u2009% d\u2019ici \u00e0 2022, contre 1\u2009% en 2020.<\/p>\n<\/div>\n<\/div>\n<\/div>\n<\/div>\n<p>Auteur: hgueye<br \/>\n<a href=\"https:\/\/www.leconomiste.com\/flash-infos\/stmicroelectronics-l-usine-de-bouskoura-utilisera-50-d-energies-renouvelables\">Cliquez ici pour lire l&rsquo;article depuis sa source.<\/a><\/p>\n","protected":false},"excerpt":{"rendered":"<p>L\u2019usine STMicroelectronics de Bouskoura fonctionnera en partie aux \u00e9nergies renouvelables. Le site utilisera 50\u2009% d\u2019\u00e9nergies renouvelables d\u2019ici 2022, selon la\u00a0soci\u00e9t\u00e9. Ce projet marque une nouvelle \u00e9tape dans l\u2019engagement de STMicroelectronics \u00e0 s\u2019approvisionner en \u00e9nergies renouvelables et atteindre la neutralit\u00e9 carbone d\u2019ici 2027, ajoute la soci\u00e9t\u00e9, pr\u00e9cisant que la soci\u00e9t\u00e9 sp\u00e9cialis\u00e9e dans semi-conducteurs s\u2019approvisionnera en \u00e9nergies [&hellip;]<\/p>\n","protected":false},"author":1763,"featured_media":0,"comment_status":"closed","ping_status":"closed","sticky":false,"template":"","format":"standard","meta":{"fifu_image_url":"","fifu_image_alt":"","footnotes":""},"categories":[78,54],"tags":[],"class_list":["post-122438","post","type-post","status-publish","format-standard","hentry","category-economie","category-maroc"],"_links":{"self":[{"href":"https:\/\/linitiative.ca\/International\/wp-json\/wp\/v2\/posts\/122438","targetHints":{"allow":["GET"]}}],"collection":[{"href":"https:\/\/linitiative.ca\/International\/wp-json\/wp\/v2\/posts"}],"about":[{"href":"https:\/\/linitiative.ca\/International\/wp-json\/wp\/v2\/types\/post"}],"author":[{"embeddable":true,"href":"https:\/\/linitiative.ca\/International\/wp-json\/wp\/v2\/users\/1763"}],"replies":[{"embeddable":true,"href":"https:\/\/linitiative.ca\/International\/wp-json\/wp\/v2\/comments?post=122438"}],"version-history":[{"count":0,"href":"https:\/\/linitiative.ca\/International\/wp-json\/wp\/v2\/posts\/122438\/revisions"}],"wp:attachment":[{"href":"https:\/\/linitiative.ca\/International\/wp-json\/wp\/v2\/media?parent=122438"}],"wp:term":[{"taxonomy":"category","embeddable":true,"href":"https:\/\/linitiative.ca\/International\/wp-json\/wp\/v2\/categories?post=122438"},{"taxonomy":"post_tag","embeddable":true,"href":"https:\/\/linitiative.ca\/International\/wp-json\/wp\/v2\/tags?post=122438"}],"curies":[{"name":"wp","href":"https:\/\/api.w.org\/{rel}","templated":true}]}}