{"id":122440,"date":"2021-07-26T11:39:58","date_gmt":"2021-07-26T15:39:58","guid":{"rendered":"https:\/\/linitiative.ca\/International\/le-deficit-de-liquidites-bancaires-sattenue\/"},"modified":"2021-07-26T11:39:58","modified_gmt":"2021-07-26T15:39:58","slug":"le-deficit-de-liquidites-bancaires-sattenue","status":"publish","type":"post","link":"https:\/\/linitiative.ca\/International\/le-deficit-de-liquidites-bancaires-sattenue\/","title":{"rendered":"Le d\u00e9ficit de liquidit\u00e9s bancaires s&rsquo;att\u00e9nue"},"content":{"rendered":"<div>\n<div class=\"field field-name-body field-type-text-with-summary field-label-hidden\">\n<div class=\"field-items\">\n<div class=\"field-item even\" property=\"content:encoded\">\n<p class=\"rtejustify\">Selon BMCE Capital Global Research (BKGR), le d\u00e9ficit de la liquidit\u00e9 bancaire s&rsquo;est att\u00e9nu\u00e9 durant la semaine pass\u00e9e, se fixant \u00e0 pr\u00e8s de -87,1 milliards de DH en\u00a0moyenne hebdomadaire, en baisse de 1,6%, par rapport \u00e0 la semaine pr\u00e9c\u00e9dente.<\/p>\n<\/div>\n<\/div>\n<\/div>\n<\/div>\n<p>Auteur: hgueye<br \/>\n<a href=\"https:\/\/www.leconomiste.com\/flash-infos\/le-deficit-de-liquidites-bancaires-s-attenue\">Cliquez ici pour lire l&rsquo;article depuis sa source.<\/a><\/p>\n","protected":false},"excerpt":{"rendered":"<p>Selon BMCE Capital Global Research (BKGR), le d\u00e9ficit de la liquidit\u00e9 bancaire s&rsquo;est att\u00e9nu\u00e9 durant la semaine pass\u00e9e, se fixant \u00e0 pr\u00e8s de -87,1 milliards de DH en\u00a0moyenne hebdomadaire, en baisse de 1,6%, par rapport \u00e0 la semaine pr\u00e9c\u00e9dente. Auteur: hgueye Cliquez ici pour lire l&rsquo;article depuis sa source.<\/p>\n","protected":false},"author":1763,"featured_media":0,"comment_status":"closed","ping_status":"closed","sticky":false,"template":"","format":"standard","meta":{"fifu_image_url":"","fifu_image_alt":"","footnotes":""},"categories":[78,54],"tags":[],"class_list":["post-122440","post","type-post","status-publish","format-standard","hentry","category-economie","category-maroc"],"_links":{"self":[{"href":"https:\/\/linitiative.ca\/International\/wp-json\/wp\/v2\/posts\/122440","targetHints":{"allow":["GET"]}}],"collection":[{"href":"https:\/\/linitiative.ca\/International\/wp-json\/wp\/v2\/posts"}],"about":[{"href":"https:\/\/linitiative.ca\/International\/wp-json\/wp\/v2\/types\/post"}],"author":[{"embeddable":true,"href":"https:\/\/linitiative.ca\/International\/wp-json\/wp\/v2\/users\/1763"}],"replies":[{"embeddable":true,"href":"https:\/\/linitiative.ca\/International\/wp-json\/wp\/v2\/comments?post=122440"}],"version-history":[{"count":0,"href":"https:\/\/linitiative.ca\/International\/wp-json\/wp\/v2\/posts\/122440\/revisions"}],"wp:attachment":[{"href":"https:\/\/linitiative.ca\/International\/wp-json\/wp\/v2\/media?parent=122440"}],"wp:term":[{"taxonomy":"category","embeddable":true,"href":"https:\/\/linitiative.ca\/International\/wp-json\/wp\/v2\/categories?post=122440"},{"taxonomy":"post_tag","embeddable":true,"href":"https:\/\/linitiative.ca\/International\/wp-json\/wp\/v2\/tags?post=122440"}],"curies":[{"name":"wp","href":"https:\/\/api.w.org\/{rel}","templated":true}]}}