{"id":122444,"date":"2021-07-26T08:46:00","date_gmt":"2021-07-26T12:46:00","guid":{"rendered":"https:\/\/linitiative.ca\/International\/jo-2020-taoufik-makhloufi-nira-pas-a-tokyo\/"},"modified":"2021-07-26T08:46:00","modified_gmt":"2021-07-26T12:46:00","slug":"jo-2020-taoufik-makhloufi-nira-pas-a-tokyo","status":"publish","type":"post","link":"https:\/\/linitiative.ca\/International\/jo-2020-taoufik-makhloufi-nira-pas-a-tokyo\/","title":{"rendered":"JO-2020: Taoufik Makhloufi n&rsquo;ira pas \u00e0 Tokyo"},"content":{"rendered":"<div>J&rsquo;ai longtemps essay\u00e9 de repousser l\u2019\u00e9ch\u00e9ance pour prendre une d\u00e9cision finale&#8230;<img loading=\"lazy\" decoding=\"async\" src=\"http:\/\/feeds.feedburner.com\/~r\/GalerieFArtciles\/~4\/rkVMer4tbl8\" height=\"1\" width=\"1\" alt=\"\"><\/div>\n<p>Auteur:<br \/>\n<a href=\"http:\/\/www.lebuteur.com\/article\/detail?titre=jo-2020-taoufik-makhloufi-nira-pas-a-tokyo&#038;id=100704&#038;utm_source=feedburner&#038;utm_medium=feed&#038;utm_campaign=Feed%3A+GalerieFArtciles+%28Les+derniers+articles++-+lebuteur.com%29\">Cliquez ici pour lire l&rsquo;article depuis sa source.<\/a><\/p>\n","protected":false},"excerpt":{"rendered":"<p>J&rsquo;ai longtemps essay\u00e9 de repousser l\u2019\u00e9ch\u00e9ance pour prendre une d\u00e9cision finale&#8230; Auteur: Cliquez ici pour lire l&rsquo;article depuis sa source.<\/p>\n","protected":false},"author":1738,"featured_media":0,"comment_status":"closed","ping_status":"closed","sticky":false,"template":"","format":"standard","meta":{"fifu_image_url":"http:\/\/feeds.feedburner.com\/~r\/GalerieFArtciles\/~4\/rkVMer4tbl8","fifu_image_alt":"<div>JO-2020: Taoufik Makhloufi n'ira pas \u00e0 Tokyo<\/div>","footnotes":""},"categories":[53,75],"tags":[],"class_list":["post-122444","post","type-post","status-publish","format-standard","hentry","category-algerie","category-sport"],"_links":{"self":[{"href":"https:\/\/linitiative.ca\/International\/wp-json\/wp\/v2\/posts\/122444","targetHints":{"allow":["GET"]}}],"collection":[{"href":"https:\/\/linitiative.ca\/International\/wp-json\/wp\/v2\/posts"}],"about":[{"href":"https:\/\/linitiative.ca\/International\/wp-json\/wp\/v2\/types\/post"}],"author":[{"embeddable":true,"href":"https:\/\/linitiative.ca\/International\/wp-json\/wp\/v2\/users\/1738"}],"replies":[{"embeddable":true,"href":"https:\/\/linitiative.ca\/International\/wp-json\/wp\/v2\/comments?post=122444"}],"version-history":[{"count":0,"href":"https:\/\/linitiative.ca\/International\/wp-json\/wp\/v2\/posts\/122444\/revisions"}],"wp:attachment":[{"href":"https:\/\/linitiative.ca\/International\/wp-json\/wp\/v2\/media?parent=122444"}],"wp:term":[{"taxonomy":"category","embeddable":true,"href":"https:\/\/linitiative.ca\/International\/wp-json\/wp\/v2\/categories?post=122444"},{"taxonomy":"post_tag","embeddable":true,"href":"https:\/\/linitiative.ca\/International\/wp-json\/wp\/v2\/tags?post=122444"}],"curies":[{"name":"wp","href":"https:\/\/api.w.org\/{rel}","templated":true}]}}