{"id":122446,"date":"2021-07-25T21:10:00","date_gmt":"2021-07-26T01:10:00","guid":{"rendered":"https:\/\/linitiative.ca\/International\/samy-ghorbal-un-mal-pour-un-bien-retour-sur-le-coup-detat-constitutionnel-de-kais-saied-et-ses-consequences-probables\/"},"modified":"2021-07-25T21:10:00","modified_gmt":"2021-07-26T01:10:00","slug":"samy-ghorbal-un-mal-pour-un-bien-retour-sur-le-coup-detat-constitutionnel-de-kais-saied-et-ses-consequences-probables","status":"publish","type":"post","link":"https:\/\/linitiative.ca\/International\/samy-ghorbal-un-mal-pour-un-bien-retour-sur-le-coup-detat-constitutionnel-de-kais-saied-et-ses-consequences-probables\/","title":{"rendered":"Samy Ghorbal : Un mal pour un bien ? Retour sur le coup d&rsquo;\u00e9tat constitutionnel de Kais Saied et ses cons\u00e9quences probables"},"content":{"rendered":"<div><img decoding=\"async\" src=\"https:\/\/linitiative.ca\/International\/wp-content\/uploads\/sites\/23\/2021\/07\/1627258786_article.jpg\" alt=\"Samy Ghorbal : Un mal pour un bien ? Retour sur le coup d\" constitutionnel de kais saied et ses cons probables align=\"left\">Il ne faut pas avoir peur des mots : Ka\u00efs Sa\u00efed vient d&rsquo;outrepasser gravement ses pr\u00e9rogatives, et de perp\u00e9trer un coup d&rsquo;\u00c9tat.<br \/>\nHichem Mechichi est sans conteste le pire chef du gouvernement que la Tunisie ait connu depuis 1957. Par son incomp\u00e9tence, son \u00e9go\u00efsme, sa servilit\u00e9, il est le premier responsable de la pire catastrophe sanitaire de l&rsquo;histoire r\u00e9cente du pays. La \u00ab\u00a0ceinture politique\u00a0\u00bb qui le soutenait \u00e0 l&rsquo;ARP, compos\u00e9e essentiellement d&rsquo;Ennahdha et de ses affid\u00e9s, ne vaut gu\u00e8re mieux. Elle porte une responsabilit\u00e9 \u00e9crasante dans les d\u00e9boires de notre pays depuis 2011. Je n&rsquo;ai aucune sympathie pour l&rsquo;un, ni pour les autres. Le r\u00e9gime politique mis en place en &#8230;<\/p>\n<\/div>\n<p>Auteur:<br \/>\n<a href=\"https:\/\/www.leaders.com.tn\/article\/32198-samy-ghorbal-un-mal-pour-un-bien-retour-sur-le-coup-d-etat-constitutionnel-de-kais-saied-et-ses-consequences-probables\">Cliquez ici pour lire l&rsquo;article depuis sa source.<\/a><\/p>\n","protected":false},"excerpt":{"rendered":"<p>Il ne faut pas avoir peur des mots : Ka\u00efs Sa\u00efed vient d&rsquo;outrepasser gravement ses pr\u00e9rogatives, et de perp\u00e9trer un coup d&rsquo;\u00c9tat. Hichem Mechichi est sans conteste le pire chef du gouvernement que la Tunisie ait connu depuis 1957. Par son incomp\u00e9tence, son \u00e9go\u00efsme, sa servilit\u00e9, il est le premier responsable de la pire catastrophe [&hellip;]<\/p>\n","protected":false},"author":1772,"featured_media":0,"comment_status":"closed","ping_status":"closed","sticky":false,"template":"","format":"standard","meta":{"fifu_image_url":"http:\/\/www.leaders.com.tn\/uploads\/content\/thumbnails_small\/1627258786_article.jpg","fifu_image_alt":"<div>Samy Ghorbal : Un mal pour un bien ? Retour sur le coup d'\u00e9tat constitutionnel de Kais Saied et ses cons\u00e9quences probables<\/div>","footnotes":""},"categories":[73,55],"tags":[],"class_list":["post-122446","post","type-post","status-publish","format-standard","hentry","category-actualite","category-tunisie"],"_links":{"self":[{"href":"https:\/\/linitiative.ca\/International\/wp-json\/wp\/v2\/posts\/122446","targetHints":{"allow":["GET"]}}],"collection":[{"href":"https:\/\/linitiative.ca\/International\/wp-json\/wp\/v2\/posts"}],"about":[{"href":"https:\/\/linitiative.ca\/International\/wp-json\/wp\/v2\/types\/post"}],"author":[{"embeddable":true,"href":"https:\/\/linitiative.ca\/International\/wp-json\/wp\/v2\/users\/1772"}],"replies":[{"embeddable":true,"href":"https:\/\/linitiative.ca\/International\/wp-json\/wp\/v2\/comments?post=122446"}],"version-history":[{"count":0,"href":"https:\/\/linitiative.ca\/International\/wp-json\/wp\/v2\/posts\/122446\/revisions"}],"wp:attachment":[{"href":"https:\/\/linitiative.ca\/International\/wp-json\/wp\/v2\/media?parent=122446"}],"wp:term":[{"taxonomy":"category","embeddable":true,"href":"https:\/\/linitiative.ca\/International\/wp-json\/wp\/v2\/categories?post=122446"},{"taxonomy":"post_tag","embeddable":true,"href":"https:\/\/linitiative.ca\/International\/wp-json\/wp\/v2\/tags?post=122446"}],"curies":[{"name":"wp","href":"https:\/\/api.w.org\/{rel}","templated":true}]}}