{"id":122450,"date":"2021-07-26T17:04:51","date_gmt":"2021-07-26T21:04:51","guid":{"rendered":"https:\/\/linitiative.ca\/International\/mechichi-se-dit-pret-a-transmettre-ses-pouvoirs-a-son-successeur-et-lui-souhaite-plein-succes\/"},"modified":"2021-07-26T17:04:51","modified_gmt":"2021-07-26T21:04:51","slug":"mechichi-se-dit-pret-a-transmettre-ses-pouvoirs-a-son-successeur-et-lui-souhaite-plein-succes","status":"publish","type":"post","link":"https:\/\/linitiative.ca\/International\/mechichi-se-dit-pret-a-transmettre-ses-pouvoirs-a-son-successeur-et-lui-souhaite-plein-succes\/","title":{"rendered":"Mechichi se dit pr\u00eat \u00e0 transmettre ses pouvoirs \u00e0 son successeur et lui souhaite plein succ\u00e8s"},"content":{"rendered":"<div><img decoding=\"async\" src=\"https:\/\/linitiative.ca\/International\/wp-content\/uploads\/sites\/23\/2021\/07\/1627330865_article.jpg\" alt=\"Mechichi se dit pr\u00eat \u00e0 transmettre ses pouvoirs \u00e0 son successeur \" align=\"left\">\u00ab\u00a0Je ne saurais jamais constituer un facteur de blocage\u2026 je ne m\u2019accroche \u00e0 aucune fonction, et je transmettrai ma charge \u00e0 la personnalit\u00e9 qui sera d\u00e9sign\u00e9e par le pr\u00e9sident de la R\u00e9publique, dans la tradition de l\u2019alternance au pouvoir.\u00a0\u00bb C\u2019est ce qu\u2019a affirm\u00e9 lundi soir Hichem Mechichi, chef du gouvernement relev\u00e9 la veille de ses fonctions par le pr\u00e9sident Kais Sa\u00efed. Dans une d\u00e9claration post\u00e9e sur sa page Facebook, il est revenu sur sa d\u00e9signation il y a un an pour former un gouvernement et les conditions particuli\u00e8res qui ont marqu\u00e9 l\u2019exercice de son mandat et les multiples difficult\u00e9s rencontr\u00e9es.<br \/>\n\u00ab\u00a0Je comprends parfaitement la vive tension et le &#8230;<\/p>\n<\/div>\n<p>Auteur:<br \/>\n<a href=\"https:\/\/www.leaders.com.tn\/article\/32201-mechichi-se-dit-pret-a-transmettre-ses-pouvoirs-a-son-successeur\">Cliquez ici pour lire l&rsquo;article depuis sa source.<\/a><\/p>\n","protected":false},"excerpt":{"rendered":"<p>\u00ab\u00a0Je ne saurais jamais constituer un facteur de blocage\u2026 je ne m\u2019accroche \u00e0 aucune fonction, et je transmettrai ma charge \u00e0 la personnalit\u00e9 qui sera d\u00e9sign\u00e9e par le pr\u00e9sident de la R\u00e9publique, dans la tradition de l\u2019alternance au pouvoir.\u00a0\u00bb C\u2019est ce qu\u2019a affirm\u00e9 lundi soir Hichem Mechichi, chef du gouvernement relev\u00e9 la veille de ses [&hellip;]<\/p>\n","protected":false},"author":1772,"featured_media":0,"comment_status":"closed","ping_status":"closed","sticky":false,"template":"","format":"standard","meta":{"fifu_image_url":"http:\/\/www.leaders.com.tn\/uploads\/content\/thumbnails_small\/1627330865_article.jpg","fifu_image_alt":"Mechichi se dit pr\u00eat \u00e0 transmettre ses pouvoirs \u00e0 son successeur et lui souhaite plein succ\u00e8s","footnotes":""},"categories":[73,55],"tags":[],"class_list":["post-122450","post","type-post","status-publish","format-standard","hentry","category-actualite","category-tunisie"],"_links":{"self":[{"href":"https:\/\/linitiative.ca\/International\/wp-json\/wp\/v2\/posts\/122450","targetHints":{"allow":["GET"]}}],"collection":[{"href":"https:\/\/linitiative.ca\/International\/wp-json\/wp\/v2\/posts"}],"about":[{"href":"https:\/\/linitiative.ca\/International\/wp-json\/wp\/v2\/types\/post"}],"author":[{"embeddable":true,"href":"https:\/\/linitiative.ca\/International\/wp-json\/wp\/v2\/users\/1772"}],"replies":[{"embeddable":true,"href":"https:\/\/linitiative.ca\/International\/wp-json\/wp\/v2\/comments?post=122450"}],"version-history":[{"count":0,"href":"https:\/\/linitiative.ca\/International\/wp-json\/wp\/v2\/posts\/122450\/revisions"}],"wp:attachment":[{"href":"https:\/\/linitiative.ca\/International\/wp-json\/wp\/v2\/media?parent=122450"}],"wp:term":[{"taxonomy":"category","embeddable":true,"href":"https:\/\/linitiative.ca\/International\/wp-json\/wp\/v2\/categories?post=122450"},{"taxonomy":"post_tag","embeddable":true,"href":"https:\/\/linitiative.ca\/International\/wp-json\/wp\/v2\/tags?post=122450"}],"curies":[{"name":"wp","href":"https:\/\/api.w.org\/{rel}","templated":true}]}}