{"id":122454,"date":"2021-07-26T08:40:58","date_gmt":"2021-07-26T12:40:58","guid":{"rendered":"https:\/\/linitiative.ca\/International\/cap-excellence-9-conventions-signees-pour-la-realisation-du-projet\/"},"modified":"2021-07-26T08:40:58","modified_gmt":"2021-07-26T12:40:58","slug":"cap-excellence-9-conventions-signees-pour-la-realisation-du-projet","status":"publish","type":"post","link":"https:\/\/linitiative.ca\/International\/cap-excellence-9-conventions-signees-pour-la-realisation-du-projet\/","title":{"rendered":"Cap Excellence. 9 conventions sign\u00e9es pour la r\u00e9alisation du projet"},"content":{"rendered":"<div><img decoding=\"async\" width=\"2560\" height=\"1722\" src=\"https:\/\/linitiative.ca\/International\/wp-content\/uploads\/sites\/23\/2021\/07\/CAPEXCELLENCE-4-scaled-1.jpg\" class=\"attachment-post-thumbnail size-post-thumbnail wp-post-image\" alt=\"\" loading=\"lazy\" srcset=\"https:\/\/linitiative.ca\/International\/wp-content\/uploads\/sites\/23\/2021\/07\/CAPEXCELLENCE-4-scaled-1.jpg 2560w, https:\/\/www.challenge.ma\/wp-content\/uploads\/2021\/07\/CAPEXCELLENCE-4-300x202.jpg 300w\" sizes=\"auto, (max-width: 2560px) 100vw, 2560px\" itemprop=\"image\">Le projet Cap Excellence est sur les bons rails. Le Ministre de l\u2019Industrie, Moulay Hafid Elalamy, et le Ministre de l\u2019Education Nationale , Said Amzazi, la directrice g\u00e9n\u00e9rale de l\u2019OFPPT, et les repr\u00e9sentants de plusieurs associations professionnelles, ont en effet sign\u00e9 le 26 juillet, 9 conventions relatives \u00e0 la mise<\/div>\n<p>Auteur: challenge<br \/>\n<a href=\"https:\/\/www.challenge.ma\/cap-excellence-9-conventions-signees-pour-la-realisation-du-projet-193853\/\">Cliquez ici pour lire l&rsquo;article depuis sa source.<\/a><\/p>\n","protected":false},"excerpt":{"rendered":"<p>Le projet Cap Excellence est sur les bons rails. Le Ministre de l\u2019Industrie, Moulay Hafid Elalamy, et le Ministre de l\u2019Education Nationale , Said Amzazi, la directrice g\u00e9n\u00e9rale de l\u2019OFPPT, et les repr\u00e9sentants de plusieurs associations professionnelles, ont en effet sign\u00e9 le 26 juillet, 9 conventions relatives \u00e0 la mise Auteur: challenge Cliquez ici pour [&hellip;]<\/p>\n","protected":false},"author":1787,"featured_media":0,"comment_status":"closed","ping_status":"closed","sticky":false,"template":"","format":"standard","meta":{"fifu_image_url":"https:\/\/www.challenge.ma\/wp-content\/uploads\/2021\/07\/CAPEXCELLENCE-4-scaled.jpg","fifu_image_alt":"Cap Excellence. 9 conventions sign\u00e9es pour la r\u00e9alisation du projet","footnotes":""},"categories":[78,54],"tags":[],"class_list":["post-122454","post","type-post","status-publish","format-standard","hentry","category-economie","category-maroc"],"_links":{"self":[{"href":"https:\/\/linitiative.ca\/International\/wp-json\/wp\/v2\/posts\/122454","targetHints":{"allow":["GET"]}}],"collection":[{"href":"https:\/\/linitiative.ca\/International\/wp-json\/wp\/v2\/posts"}],"about":[{"href":"https:\/\/linitiative.ca\/International\/wp-json\/wp\/v2\/types\/post"}],"author":[{"embeddable":true,"href":"https:\/\/linitiative.ca\/International\/wp-json\/wp\/v2\/users\/1787"}],"replies":[{"embeddable":true,"href":"https:\/\/linitiative.ca\/International\/wp-json\/wp\/v2\/comments?post=122454"}],"version-history":[{"count":0,"href":"https:\/\/linitiative.ca\/International\/wp-json\/wp\/v2\/posts\/122454\/revisions"}],"wp:attachment":[{"href":"https:\/\/linitiative.ca\/International\/wp-json\/wp\/v2\/media?parent=122454"}],"wp:term":[{"taxonomy":"category","embeddable":true,"href":"https:\/\/linitiative.ca\/International\/wp-json\/wp\/v2\/categories?post=122454"},{"taxonomy":"post_tag","embeddable":true,"href":"https:\/\/linitiative.ca\/International\/wp-json\/wp\/v2\/tags?post=122454"}],"curies":[{"name":"wp","href":"https:\/\/api.w.org\/{rel}","templated":true}]}}