{"id":122462,"date":"2021-07-26T15:07:04","date_gmt":"2021-07-26T19:07:04","guid":{"rendered":"https:\/\/linitiative.ca\/International\/coronavirus-la-vaccination-desormais-ouverte-a-la-categorie-des-25-ans-et-plus\/"},"modified":"2021-07-26T15:07:04","modified_gmt":"2021-07-26T19:07:04","slug":"coronavirus-la-vaccination-desormais-ouverte-a-la-categorie-des-25-ans-et-plus","status":"publish","type":"post","link":"https:\/\/linitiative.ca\/International\/coronavirus-la-vaccination-desormais-ouverte-a-la-categorie-des-25-ans-et-plus\/","title":{"rendered":"Coronavirus. La vaccination d\u00e9sormais ouverte \u00e0 la cat\u00e9gorie des 25 ans et plus"},"content":{"rendered":"<div><img decoding=\"async\" width=\"932\" height=\"582\" src=\"https:\/\/linitiative.ca\/International\/wp-content\/uploads\/sites\/23\/2021\/07\/vaccination-covid-19.jpg\" class=\"attachment-post-thumbnail size-post-thumbnail wp-post-image\" alt=\"\" loading=\"lazy\" srcset=\"https:\/\/linitiative.ca\/International\/wp-content\/uploads\/sites\/23\/2021\/07\/vaccination-covid-19.jpg 932w, https:\/\/www.challenge.ma\/wp-content\/uploads\/2021\/01\/vaccination-covid-19-300x187.jpg 300w, https:\/\/www.challenge.ma\/wp-content\/uploads\/2021\/01\/vaccination-covid-19-768x480.jpg 768w, https:\/\/www.challenge.ma\/wp-content\/uploads\/2021\/01\/vaccination-covid-19-360x225.jpg 360w, https:\/\/www.challenge.ma\/wp-content\/uploads\/2021\/01\/vaccination-covid-19-750x468.jpg 750w\" sizes=\"auto, (max-width: 932px) 100vw, 932px\" itemprop=\"image\">Le minist\u00e8re de la Sant\u00e9 a annonc\u00e9 le 26 juillet que la cat\u00e9gorie d\u2019\u00e2ge des 25 ans et plus b\u00e9n\u00e9ficiera d\u00e9sormais de la campagne de vaccination anti Covid-19. \u00a0La vaccination est d\u00e9sormais \u00e9largie aux personnes de 25 ans et plus. De m\u00eame, les conditions li\u00e9es au domicile ne sont plus<\/div>\n<p>Auteur: challenge<br \/>\n<a href=\"https:\/\/www.challenge.ma\/coronavirus-la-vaccination-desormais-ouverte-a-la-categorie-des-25-ans-et-plus-193910\/\">Cliquez ici pour lire l&rsquo;article depuis sa source.<\/a><\/p>\n","protected":false},"excerpt":{"rendered":"<p>Le minist\u00e8re de la Sant\u00e9 a annonc\u00e9 le 26 juillet que la cat\u00e9gorie d\u2019\u00e2ge des 25 ans et plus b\u00e9n\u00e9ficiera d\u00e9sormais de la campagne de vaccination anti Covid-19. \u00a0La vaccination est d\u00e9sormais \u00e9largie aux personnes de 25 ans et plus. De m\u00eame, les conditions li\u00e9es au domicile ne sont plus Auteur: challenge Cliquez ici pour [&hellip;]<\/p>\n","protected":false},"author":1787,"featured_media":0,"comment_status":"closed","ping_status":"closed","sticky":false,"template":"","format":"standard","meta":{"fifu_image_url":"https:\/\/www.challenge.ma\/wp-content\/uploads\/2021\/01\/vaccination-covid-19.jpg","fifu_image_alt":"Coronavirus. La vaccination d\u00e9sormais ouverte \u00e0 la cat\u00e9gorie des 25 ans et plus","footnotes":""},"categories":[78,54],"tags":[],"class_list":["post-122462","post","type-post","status-publish","format-standard","hentry","category-economie","category-maroc"],"_links":{"self":[{"href":"https:\/\/linitiative.ca\/International\/wp-json\/wp\/v2\/posts\/122462","targetHints":{"allow":["GET"]}}],"collection":[{"href":"https:\/\/linitiative.ca\/International\/wp-json\/wp\/v2\/posts"}],"about":[{"href":"https:\/\/linitiative.ca\/International\/wp-json\/wp\/v2\/types\/post"}],"author":[{"embeddable":true,"href":"https:\/\/linitiative.ca\/International\/wp-json\/wp\/v2\/users\/1787"}],"replies":[{"embeddable":true,"href":"https:\/\/linitiative.ca\/International\/wp-json\/wp\/v2\/comments?post=122462"}],"version-history":[{"count":0,"href":"https:\/\/linitiative.ca\/International\/wp-json\/wp\/v2\/posts\/122462\/revisions"}],"wp:attachment":[{"href":"https:\/\/linitiative.ca\/International\/wp-json\/wp\/v2\/media?parent=122462"}],"wp:term":[{"taxonomy":"category","embeddable":true,"href":"https:\/\/linitiative.ca\/International\/wp-json\/wp\/v2\/categories?post=122462"},{"taxonomy":"post_tag","embeddable":true,"href":"https:\/\/linitiative.ca\/International\/wp-json\/wp\/v2\/tags?post=122462"}],"curies":[{"name":"wp","href":"https:\/\/api.w.org\/{rel}","templated":true}]}}