{"id":122467,"date":"2021-07-26T17:12:12","date_gmt":"2021-07-26T21:12:12","guid":{"rendered":"https:\/\/linitiative.ca\/International\/tunisie-la-chaine-al-jazeera-denonce-la-prise-dassaut-de-ses-locaux-a-tunis\/"},"modified":"2021-07-26T17:12:12","modified_gmt":"2021-07-26T21:12:12","slug":"tunisie-la-chaine-al-jazeera-denonce-la-prise-dassaut-de-ses-locaux-a-tunis","status":"publish","type":"post","link":"https:\/\/linitiative.ca\/International\/tunisie-la-chaine-al-jazeera-denonce-la-prise-dassaut-de-ses-locaux-a-tunis\/","title":{"rendered":"Tunisie: La chaine Al Jazeera d\u00e9nonce la prise d\u2019assaut de ses locaux \u00e0 Tunis"},"content":{"rendered":"<div>\n<p>La Chaine t\u00e9l\u00e9vis\u00e9e priv\u00e9e qatarie Al Jazeera a d\u00e9nonc\u00e9 dans un communiqu\u00e9 rendu public sur sa page le 26 juillet 2021, la prise d\u2019assaut de ses locaux \u00e0 Tunis par l\u2019arm\u00e9e nationale. Elle a appel\u00e9 les autorit\u00e9s tunisiennes \u00e0 permettre \u00e0 leurs journalistes poursuivre leur travail et d\u2019exercer leur profession sans intimidation. \u201cLes agissements des [\u2026]<\/p>\n<p>L\u2019article <a href=\"https:\/\/www.tunisienumerique.com\/tunisie-la-chaine-al-jazeera-denonce-la-prise-dassaut-de-ses-locaux-a-tunis\/\">Tunisie: La chaine Al Jazeera d\u00e9nonce la prise d\u2019assaut de ses locaux \u00e0 Tunis<\/a> est apparu en premier sur <a href=\"https:\/\/www.tunisienumerique.com\/\">Tunisie<\/a>.<\/p>\n<\/div>\n<p>Auteur: rania ben slimane<br \/>\n<a href=\"https:\/\/www.tunisienumerique.com\/tunisie-la-chaine-al-jazeera-denonce-la-prise-dassaut-de-ses-locaux-a-tunis\/\">Cliquez ici pour lire l&rsquo;article depuis sa source.<\/a><\/p>\n","protected":false},"excerpt":{"rendered":"<p>La Chaine t\u00e9l\u00e9vis\u00e9e priv\u00e9e qatarie Al Jazeera a d\u00e9nonc\u00e9 dans un communiqu\u00e9 rendu public sur sa page le 26 juillet 2021, la prise d\u2019assaut de ses locaux \u00e0 Tunis par l\u2019arm\u00e9e nationale. Elle a appel\u00e9 les autorit\u00e9s tunisiennes \u00e0 permettre \u00e0 leurs journalistes poursuivre leur travail et d\u2019exercer leur profession sans intimidation. \u201cLes agissements des [&hellip;]<\/p>\n","protected":false},"author":1789,"featured_media":0,"comment_status":"closed","ping_status":"closed","sticky":false,"template":"","format":"standard","meta":{"fifu_image_url":"","fifu_image_alt":"","footnotes":""},"categories":[73,55],"tags":[],"class_list":["post-122467","post","type-post","status-publish","format-standard","hentry","category-actualite","category-tunisie"],"_links":{"self":[{"href":"https:\/\/linitiative.ca\/International\/wp-json\/wp\/v2\/posts\/122467","targetHints":{"allow":["GET"]}}],"collection":[{"href":"https:\/\/linitiative.ca\/International\/wp-json\/wp\/v2\/posts"}],"about":[{"href":"https:\/\/linitiative.ca\/International\/wp-json\/wp\/v2\/types\/post"}],"author":[{"embeddable":true,"href":"https:\/\/linitiative.ca\/International\/wp-json\/wp\/v2\/users\/1789"}],"replies":[{"embeddable":true,"href":"https:\/\/linitiative.ca\/International\/wp-json\/wp\/v2\/comments?post=122467"}],"version-history":[{"count":0,"href":"https:\/\/linitiative.ca\/International\/wp-json\/wp\/v2\/posts\/122467\/revisions"}],"wp:attachment":[{"href":"https:\/\/linitiative.ca\/International\/wp-json\/wp\/v2\/media?parent=122467"}],"wp:term":[{"taxonomy":"category","embeddable":true,"href":"https:\/\/linitiative.ca\/International\/wp-json\/wp\/v2\/categories?post=122467"},{"taxonomy":"post_tag","embeddable":true,"href":"https:\/\/linitiative.ca\/International\/wp-json\/wp\/v2\/tags?post=122467"}],"curies":[{"name":"wp","href":"https:\/\/api.w.org\/{rel}","templated":true}]}}