{"id":122468,"date":"2021-07-26T17:17:30","date_gmt":"2021-07-26T21:17:30","guid":{"rendered":"https:\/\/linitiative.ca\/International\/tunisie-presidence-de-la-republique-ameliorer-la-communication-pour-faire-taire-les-fake-news\/"},"modified":"2021-07-26T17:17:30","modified_gmt":"2021-07-26T21:17:30","slug":"tunisie-presidence-de-la-republique-ameliorer-la-communication-pour-faire-taire-les-fake-news","status":"publish","type":"post","link":"https:\/\/linitiative.ca\/International\/tunisie-presidence-de-la-republique-ameliorer-la-communication-pour-faire-taire-les-fake-news\/","title":{"rendered":"Tunisie \u2013 Pr\u00e9sidence de la R\u00e9publique\u00a0: Am\u00e9liorer la communication pour faire taire les fake news"},"content":{"rendered":"<div>\n<p>Les tunisiens sont accroch\u00e9s, depuis plus de 24 heures, aux \u00e9crans de leurs PC\u2019s ou t\u00e9l\u00e9phones. Ils sont \u00e0 la recherche de la moindre bribe d\u2019information. Ils ont r\u00e9serv\u00e9, hier, l\u2019accueil que l\u2019on sait, aux d\u00e9cisions de Ka\u00efs Sa\u00efed, de prendre en main, les affaires du pays. Et, depuis, ils sont dans l\u2019attente de la [\u2026]<\/p>\n<p>L\u2019article <a href=\"https:\/\/www.tunisienumerique.com\/tunisie-presidence-de-la-republique-ameliorer-la-communication-pour-faire-taire-les-fake-news\/\">Tunisie \u2013 Pr\u00e9sidence de la R\u00e9publique\u00a0: Am\u00e9liorer la communication pour faire taire les fake news<\/a> est apparu en premier sur <a href=\"https:\/\/www.tunisienumerique.com\/\">Tunisie<\/a>.<\/p>\n<\/div>\n<p>Auteur: Saber .<br \/>\n<a href=\"https:\/\/www.tunisienumerique.com\/tunisie-presidence-de-la-republique-ameliorer-la-communication-pour-faire-taire-les-fake-news\/\">Cliquez ici pour lire l&rsquo;article depuis sa source.<\/a><\/p>\n","protected":false},"excerpt":{"rendered":"<p>Les tunisiens sont accroch\u00e9s, depuis plus de 24 heures, aux \u00e9crans de leurs PC\u2019s ou t\u00e9l\u00e9phones. Ils sont \u00e0 la recherche de la moindre bribe d\u2019information. Ils ont r\u00e9serv\u00e9, hier, l\u2019accueil que l\u2019on sait, aux d\u00e9cisions de Ka\u00efs Sa\u00efed, de prendre en main, les affaires du pays. Et, depuis, ils sont dans l\u2019attente de la [&hellip;]<\/p>\n","protected":false},"author":1789,"featured_media":0,"comment_status":"closed","ping_status":"closed","sticky":false,"template":"","format":"standard","meta":{"fifu_image_url":"","fifu_image_alt":"","footnotes":""},"categories":[73,55],"tags":[],"class_list":["post-122468","post","type-post","status-publish","format-standard","hentry","category-actualite","category-tunisie"],"_links":{"self":[{"href":"https:\/\/linitiative.ca\/International\/wp-json\/wp\/v2\/posts\/122468","targetHints":{"allow":["GET"]}}],"collection":[{"href":"https:\/\/linitiative.ca\/International\/wp-json\/wp\/v2\/posts"}],"about":[{"href":"https:\/\/linitiative.ca\/International\/wp-json\/wp\/v2\/types\/post"}],"author":[{"embeddable":true,"href":"https:\/\/linitiative.ca\/International\/wp-json\/wp\/v2\/users\/1789"}],"replies":[{"embeddable":true,"href":"https:\/\/linitiative.ca\/International\/wp-json\/wp\/v2\/comments?post=122468"}],"version-history":[{"count":0,"href":"https:\/\/linitiative.ca\/International\/wp-json\/wp\/v2\/posts\/122468\/revisions"}],"wp:attachment":[{"href":"https:\/\/linitiative.ca\/International\/wp-json\/wp\/v2\/media?parent=122468"}],"wp:term":[{"taxonomy":"category","embeddable":true,"href":"https:\/\/linitiative.ca\/International\/wp-json\/wp\/v2\/categories?post=122468"},{"taxonomy":"post_tag","embeddable":true,"href":"https:\/\/linitiative.ca\/International\/wp-json\/wp\/v2\/tags?post=122468"}],"curies":[{"name":"wp","href":"https:\/\/api.w.org\/{rel}","templated":true}]}}