{"id":122469,"date":"2021-07-26T16:16:34","date_gmt":"2021-07-26T20:16:34","guid":{"rendered":"https:\/\/linitiative.ca\/International\/rencontre-ado-gbagbo\/"},"modified":"2021-07-26T16:16:34","modified_gmt":"2021-07-26T20:16:34","slug":"rencontre-ado-gbagbo","status":"publish","type":"post","link":"https:\/\/linitiative.ca\/International\/rencontre-ado-gbagbo\/","title":{"rendered":"RENCONTRE ADO\/GBAGBO"},"content":{"rendered":"<div>\n<p><img decoding=\"async\" width=\"691\" height=\"460\" src=\"https:\/\/linitiative.ca\/International\/wp-content\/uploads\/sites\/23\/2021\/07\/RENCONTRE-5.jpg\" class=\"attachment- size- wp-post-image\" alt=\"\" loading=\"lazy\" style=\"float:left; margin:0 15px 15px 0;\" srcset=\"https:\/\/linitiative.ca\/International\/wp-content\/uploads\/sites\/23\/2021\/07\/RENCONTRE-5.jpg 691w, https:\/\/lepays.bf\/wp-content\/uploads\/2021\/07\/RENCONTRE-5-300x200.jpg 300w\" sizes=\"auto, (max-width: 691px) 100vw, 691px\">\u00ab\u00a0Le pr\u00e9sident Alassane Dramane Ouattara (ADO) recevra Laurent Gbagbo le 27 juillet prochain au palais de la pr\u00e9sidence\u00a0\u00bb. C\u2019est, du moins, ce qu\u2019avait d\u00e9clar\u00e9 le 21 juillet dernier, le porte-parole de la pr\u00e9sidence, Amadou Coulibaly, qui pr\u00e9cise par ailleurs que les deux hommes ont eu un \u00ab\u00a0contact t\u00e9l\u00e9phonique\u00a0\u00bb en d\u00e9but du mois de juillet. Pr\u00e8s \u2026<\/p>\n<p>L\u2019article <a rel=\"nofollow\" href=\"https:\/\/lepays.bf\/rencontre-ado-gbagbo\/\">RENCONTRE ADO\/GBAGBO<\/a> est apparu en premier sur <a rel=\"nofollow\" href=\"https:\/\/lepays.bf\/\">Editions Le Pays<\/a>.<\/p>\n<\/div>\n<p>Auteur: Editions LEPAYS<br \/>\n<a href=\"https:\/\/lepays.bf\/rencontre-ado-gbagbo\/\">Cliquez ici pour lire l&rsquo;article depuis sa source.<\/a><\/p>\n","protected":false},"excerpt":{"rendered":"<p>\u00ab\u00a0Le pr\u00e9sident Alassane Dramane Ouattara (ADO) recevra Laurent Gbagbo le 27 juillet prochain au palais de la pr\u00e9sidence\u00a0\u00bb. C\u2019est, du moins, ce qu\u2019avait d\u00e9clar\u00e9 le 21 juillet dernier, le porte-parole de la pr\u00e9sidence, Amadou Coulibaly, qui pr\u00e9cise par ailleurs que les deux hommes ont eu un \u00ab\u00a0contact t\u00e9l\u00e9phonique\u00a0\u00bb en d\u00e9but du mois de juillet. Pr\u00e8s [&hellip;]<\/p>\n","protected":false},"author":1813,"featured_media":0,"comment_status":"closed","ping_status":"closed","sticky":false,"template":"","format":"standard","meta":{"fifu_image_url":"https:\/\/lepays.bf\/wp-content\/uploads\/2021\/07\/RENCONTRE-5.jpg","fifu_image_alt":"RENCONTRE ADO\/GBAGBO","footnotes":""},"categories":[73,81],"tags":[],"class_list":["post-122469","post","type-post","status-publish","format-standard","hentry","category-actualite","category-burkina-faso"],"_links":{"self":[{"href":"https:\/\/linitiative.ca\/International\/wp-json\/wp\/v2\/posts\/122469","targetHints":{"allow":["GET"]}}],"collection":[{"href":"https:\/\/linitiative.ca\/International\/wp-json\/wp\/v2\/posts"}],"about":[{"href":"https:\/\/linitiative.ca\/International\/wp-json\/wp\/v2\/types\/post"}],"author":[{"embeddable":true,"href":"https:\/\/linitiative.ca\/International\/wp-json\/wp\/v2\/users\/1813"}],"replies":[{"embeddable":true,"href":"https:\/\/linitiative.ca\/International\/wp-json\/wp\/v2\/comments?post=122469"}],"version-history":[{"count":0,"href":"https:\/\/linitiative.ca\/International\/wp-json\/wp\/v2\/posts\/122469\/revisions"}],"wp:attachment":[{"href":"https:\/\/linitiative.ca\/International\/wp-json\/wp\/v2\/media?parent=122469"}],"wp:term":[{"taxonomy":"category","embeddable":true,"href":"https:\/\/linitiative.ca\/International\/wp-json\/wp\/v2\/categories?post=122469"},{"taxonomy":"post_tag","embeddable":true,"href":"https:\/\/linitiative.ca\/International\/wp-json\/wp\/v2\/tags?post=122469"}],"curies":[{"name":"wp","href":"https:\/\/api.w.org\/{rel}","templated":true}]}}