{"id":122472,"date":"2021-07-26T10:32:04","date_gmt":"2021-07-26T14:32:04","guid":{"rendered":"https:\/\/linitiative.ca\/International\/9e-edition-du-tac-le-premier-ministre-christophe-joseph-marie-dabire-a-abidjan\/"},"modified":"2021-07-26T10:32:04","modified_gmt":"2021-07-26T14:32:04","slug":"9e-edition-du-tac-le-premier-ministre-christophe-joseph-marie-dabire-a-abidjan","status":"publish","type":"post","link":"https:\/\/linitiative.ca\/International\/9e-edition-du-tac-le-premier-ministre-christophe-joseph-marie-dabire-a-abidjan\/","title":{"rendered":"9e \u00e9dition du TAC : Le Premier ministre Christophe Joseph Marie Dabir\u00e9 \u00e0 Abidjan."},"content":{"rendered":"<div>\n<p>\u00a0<\/p>\n<p>Le Premier ministre, Christophe DABIRE, effectue du 26 au 27 juillet \u00e0 Abidjan, une visite d\u2019amiti\u00e9 et de travail. Il co-pr\u00e9sidera avec son homologue ivoirien Patrick ACHI, le Conseil conjoint de Gouvernement de la 9e Conf\u00e9rence au sommet du TAC. Cette rencontre pr\u00e9paratoire de la Conf\u00e9rence au Sommet des Chefs d\u2019Etats permettra aux autorit\u00e9s des deux pays, de passer en revue, l\u2019\u00e9tat de leur coop\u00e9ration.<\/p>\n<p>Les Premiers ministres DABIRE et ACHI, et leurs gouvernements respectifs, vont se pencher sur le bilan de la mise en \u0153uvre des d\u00e9cisions et recommandations issues de la 8e conf\u00e9rence au sommet du TAC et envisager de nouvelles perspectives de renforcement des relations ivoiro-burkinab\u00e8.<\/p>\n<p>Le Conseil conjoint de Gouvernement, pr\u00e9vu pour le 27 juillet, est pr\u00e9c\u00e9d\u00e9 de la r\u00e9union des experts les 24 et 25 juillet et celle des ministres en charge des Affaires \u00e9trang\u00e8res, qui se tient ce lundi 26 juillet.<\/p>\n<p>N\u00e9 en 2008, de la volont\u00e9 commune des deux Etats de renforcer la coop\u00e9ration, l\u2019amiti\u00e9 et la fraternit\u00e9 entre les peuples burkinab\u00e8 et ivoirien, le TAC est devenu un exemple d\u2019int\u00e9gration et un outil de d\u00e9veloppement qui fait \u00e9cole dans la sous-r\u00e9gion.<\/p>\n<p>\u00a0<\/p>\n<p>DCRP\/Primature<\/p>\n<p><em>\u00a0<\/em><\/p>\n<p><em>\u00a0<\/em><\/p>\n<p>L\u2019article <a rel=\"nofollow\" href=\"https:\/\/www.sidwaya.info\/blog\/2021\/07\/26\/9e-edition-du-tac-le-premier-ministre-christophe-joseph-marie-dabire-a-abidjan\/\">9e \u00e9dition du TAC : Le Premier ministre Christophe Joseph Marie Dabir\u00e9 \u00e0 Abidjan.<\/a> est apparu en premier sur <a rel=\"nofollow\" href=\"https:\/\/www.sidwaya.info\/\">Quotidien Sidwaya<\/a>.<\/p>\n<\/div>\n<p>Auteur: Wamini SIDWAYA<br \/>\n<a href=\"https:\/\/www.sidwaya.info\/blog\/2021\/07\/26\/9e-edition-du-tac-le-premier-ministre-christophe-joseph-marie-dabire-a-abidjan\/\">Cliquez ici pour lire l&rsquo;article depuis sa source.<\/a><\/p>\n","protected":false},"excerpt":{"rendered":"<p>\u00a0 Le Premier ministre, Christophe DABIRE, effectue du 26 au 27 juillet \u00e0 Abidjan, une visite d\u2019amiti\u00e9 et de travail. Il co-pr\u00e9sidera avec son homologue ivoirien Patrick ACHI, le Conseil conjoint de Gouvernement de la 9e Conf\u00e9rence au sommet du TAC. Cette rencontre pr\u00e9paratoire de la Conf\u00e9rence au Sommet des Chefs d\u2019Etats permettra aux autorit\u00e9s [&hellip;]<\/p>\n","protected":false},"author":1816,"featured_media":0,"comment_status":"closed","ping_status":"closed","sticky":false,"template":"","format":"standard","meta":{"fifu_image_url":"","fifu_image_alt":"","footnotes":""},"categories":[73,81],"tags":[],"class_list":["post-122472","post","type-post","status-publish","format-standard","hentry","category-actualite","category-burkina-faso"],"_links":{"self":[{"href":"https:\/\/linitiative.ca\/International\/wp-json\/wp\/v2\/posts\/122472","targetHints":{"allow":["GET"]}}],"collection":[{"href":"https:\/\/linitiative.ca\/International\/wp-json\/wp\/v2\/posts"}],"about":[{"href":"https:\/\/linitiative.ca\/International\/wp-json\/wp\/v2\/types\/post"}],"author":[{"embeddable":true,"href":"https:\/\/linitiative.ca\/International\/wp-json\/wp\/v2\/users\/1816"}],"replies":[{"embeddable":true,"href":"https:\/\/linitiative.ca\/International\/wp-json\/wp\/v2\/comments?post=122472"}],"version-history":[{"count":0,"href":"https:\/\/linitiative.ca\/International\/wp-json\/wp\/v2\/posts\/122472\/revisions"}],"wp:attachment":[{"href":"https:\/\/linitiative.ca\/International\/wp-json\/wp\/v2\/media?parent=122472"}],"wp:term":[{"taxonomy":"category","embeddable":true,"href":"https:\/\/linitiative.ca\/International\/wp-json\/wp\/v2\/categories?post=122472"},{"taxonomy":"post_tag","embeddable":true,"href":"https:\/\/linitiative.ca\/International\/wp-json\/wp\/v2\/tags?post=122472"}],"curies":[{"name":"wp","href":"https:\/\/api.w.org\/{rel}","templated":true}]}}