{"id":122474,"date":"2021-07-26T12:18:02","date_gmt":"2021-07-26T16:18:02","guid":{"rendered":"https:\/\/linitiative.ca\/International\/tunisie-kais-saied-saccapare-tous-les-pouvoirs\/"},"modified":"2021-07-26T12:18:02","modified_gmt":"2021-07-26T16:18:02","slug":"tunisie-kais-saied-saccapare-tous-les-pouvoirs","status":"publish","type":"post","link":"https:\/\/linitiative.ca\/International\/tunisie-kais-saied-saccapare-tous-les-pouvoirs\/","title":{"rendered":"Tunisie : Ka\u00efs Sa\u00efed s\u2019accapare tous les pouvoirs"},"content":{"rendered":"<div>\n<p><img loading=\"lazy\" decoding=\"async\" width=\"960\" height=\"639\" src=\"https:\/\/linitiative.ca\/International\/wp-content\/uploads\/sites\/23\/2021\/07\/16273162827628.jpg\" class=\"attachment-post-thumbnail size-post-thumbnail wp-post-image\" alt=\"\" srcset=\"https:\/\/linitiative.ca\/International\/wp-content\/uploads\/sites\/23\/2021\/07\/16273162827628.jpg 960w, https:\/\/www.journalducameroun.com\/wp-content\/uploads\/2021\/07\/16273162827628-300x200.jpg 300w, https:\/\/www.journalducameroun.com\/wp-content\/uploads\/2021\/07\/16273162827628-768x511.jpg 768w, https:\/\/www.journalducameroun.com\/wp-content\/uploads\/2021\/07\/16273162827628-661x440.jpg 661w, https:\/\/www.journalducameroun.com\/wp-content\/uploads\/2021\/07\/16273162827628-600x399.jpg 600w\" sizes=\"auto, (max-width: 960px) 100vw, 960px\"><\/p>\n<p>Le pr\u00e9sident tunisien Ka\u00efs Sa\u00efed, s&rsquo;appuyant sur l&rsquo;article 80 de la Constitution, a limog\u00e9 dimanche son Premier ministre et suspendu le Parlement.Ces mesures sont la cons\u00e9quence de la crise politique entre le pr\u00e9sident tunisien et Ennahdha, principal parti majoritaire au parlement.<\/p>\n<p>Face au \u00ab danger imminent\u00a0\u00bb, le candidat ind\u00e9pendant, \u00e9lu \u00e0 la derni\u00e8re pr\u00e9sidentielle d&rsquo;octobre 2019, a us\u00e9 de l&rsquo;article 80 de la Constitution pour prendre le contr\u00f4le des institutions du pays.<\/p>\n<p>Le Parti islamiste Ennahdha dans un communiqu\u00e9 publi\u00e9 sur Facebook a condamn\u00e9 un \u00ab coup d&rsquo;Etat contre la r\u00e9volution et la Constitution \u00bb de Ka\u00efs Sa\u00efed.<\/p>\n<p>Des accusations r\u00e9fut\u00e9es par le pr\u00e9sident tunisien entour\u00e9 par l&rsquo;arm\u00e9e et la police. \u00ab Ce n&rsquo;est ni une suspension de la Constitution ni une sortie de la l\u00e9gitimit\u00e9 constitutionnelle, nous travaillons dans le cadre de la loi\u00a0\u00bb, dit-il.<\/p>\n<p>Cette crise politique vient s&rsquo;ajouter aux effets d\u00e9vastateurs de la pand\u00e9mie du coronavirus, qui frappent le pays depuis l&rsquo;annonce de la quatri\u00e8me vague.<\/p>\n<p>La Tunisie est le pays africain le plus touch\u00e9 par le variant Delta avec 550.000 cas de contaminations et plus de 18.000 d\u00e9c\u00e8s. Le pays peine \u00e0 prendre en charge ses malades et doit faire face \u00e0 une inqui\u00e9tante p\u00e9nurie d&rsquo;oxyg\u00e8ne et de respirateurs.<\/p>\n<p>Face \u00e0 la gravit\u00e9 de la situation dans les h\u00f4pitaux tunisiens, un \u00e9lan de solidarit\u00e9 s&rsquo;est vite constitu\u00e9 au plan international pour sauver le pays. L&rsquo;Organisation mondiale de la sant\u00e9 (Oms) juge la situation sanitaire de la Tunisie \u00ab pr\u00e9occupante \u00bb avec 8000 \u00e0 9500 nouvelles contaminations et plus d&rsquo;une centaine de d\u00e9c\u00e8s chaque jour.<\/p>\n<p>De quoi pousser Ka\u00efs Sa\u00efed a annoncer d&rsquo;autres \u00ab mesures exceptionnelles\u00a0\u00bb pour sauver le pays de la \u00ab catastrophe \u00bb.<\/p>\n<p>Cet article <a rel=\"nofollow\" href=\"https:\/\/www.journalducameroun.com\/tunisie-kais-saied-saccapare-tous-les-pouvoirs\/\">Tunisie : Ka\u00efs Sa\u00efed s\u2019accapare tous les pouvoirs<\/a> est apparu en premier sur <a rel=\"nofollow\" href=\"https:\/\/www.journalducameroun.com\/\">Journal du Cameroun<\/a>.<\/p>\n<\/div>\n<p>Auteur: APA News<br \/>\n<a href=\"https:\/\/www.journalducameroun.com\/tunisie-kais-saied-saccapare-tous-les-pouvoirs\/\">Cliquez ici pour lire l&rsquo;article depuis sa source.<\/a><\/p>\n","protected":false},"excerpt":{"rendered":"<p>Le pr\u00e9sident tunisien Ka\u00efs Sa\u00efed, s&rsquo;appuyant sur l&rsquo;article 80 de la Constitution, a limog\u00e9 dimanche son Premier ministre et suspendu le Parlement.Ces mesures sont la cons\u00e9quence de la crise politique entre le pr\u00e9sident tunisien et Ennahdha, principal parti majoritaire au parlement. Face au \u00ab danger imminent\u00a0\u00bb, le candidat ind\u00e9pendant, \u00e9lu \u00e0 la derni\u00e8re pr\u00e9sidentielle d&rsquo;octobre [&hellip;]<\/p>\n","protected":false},"author":1965,"featured_media":0,"comment_status":"closed","ping_status":"closed","sticky":false,"template":"","format":"standard","meta":{"fifu_image_url":"https:\/\/www.journalducameroun.com\/wp-content\/uploads\/2021\/07\/16273162827628.jpg","fifu_image_alt":"Tunisie : Ka\u00efs Sa\u00efed s\u2019accapare tous les pouvoirs","footnotes":""},"categories":[73,82],"tags":[],"class_list":["post-122474","post","type-post","status-publish","format-standard","hentry","category-actualite","category-cameroun"],"_links":{"self":[{"href":"https:\/\/linitiative.ca\/International\/wp-json\/wp\/v2\/posts\/122474","targetHints":{"allow":["GET"]}}],"collection":[{"href":"https:\/\/linitiative.ca\/International\/wp-json\/wp\/v2\/posts"}],"about":[{"href":"https:\/\/linitiative.ca\/International\/wp-json\/wp\/v2\/types\/post"}],"author":[{"embeddable":true,"href":"https:\/\/linitiative.ca\/International\/wp-json\/wp\/v2\/users\/1965"}],"replies":[{"embeddable":true,"href":"https:\/\/linitiative.ca\/International\/wp-json\/wp\/v2\/comments?post=122474"}],"version-history":[{"count":0,"href":"https:\/\/linitiative.ca\/International\/wp-json\/wp\/v2\/posts\/122474\/revisions"}],"wp:attachment":[{"href":"https:\/\/linitiative.ca\/International\/wp-json\/wp\/v2\/media?parent=122474"}],"wp:term":[{"taxonomy":"category","embeddable":true,"href":"https:\/\/linitiative.ca\/International\/wp-json\/wp\/v2\/categories?post=122474"},{"taxonomy":"post_tag","embeddable":true,"href":"https:\/\/linitiative.ca\/International\/wp-json\/wp\/v2\/tags?post=122474"}],"curies":[{"name":"wp","href":"https:\/\/api.w.org\/{rel}","templated":true}]}}