{"id":122476,"date":"2021-07-26T12:18:02","date_gmt":"2021-07-26T16:18:02","guid":{"rendered":"https:\/\/linitiative.ca\/International\/ramaphosa-deplore-limpact-des-violences-sur-les-communautes\/"},"modified":"2021-07-26T12:18:02","modified_gmt":"2021-07-26T16:18:02","slug":"ramaphosa-deplore-limpact-des-violences-sur-les-communautes","status":"publish","type":"post","link":"https:\/\/linitiative.ca\/International\/ramaphosa-deplore-limpact-des-violences-sur-les-communautes\/","title":{"rendered":"Ramaphosa d\u00e9plore l\u2019impact des violences sur les communaut\u00e9s"},"content":{"rendered":"<div>\n<p><img loading=\"lazy\" decoding=\"async\" width=\"250\" height=\"200\" src=\"https:\/\/linitiative.ca\/International\/wp-content\/uploads\/sites\/23\/2021\/07\/16273162823134.jpg\" class=\"attachment-post-thumbnail size-post-thumbnail wp-post-image\" alt=\"\"><\/p>\n<p>Les destructions et les violences au KwaZulu-Natal et au Gauteng ont endommag\u00e9 des biens et des moyens de subsistance des populations, a d\u00e9clar\u00e9 lundi le pr\u00e9sident Cyril Ramaphosa.\u00ab Pendant les pires troubles de notre d\u00e9mocratie, et dans un climat d\u00e9j\u00e0 charg\u00e9 de suspicion et de parano\u00efa, des gens qui avaient v\u00e9cu c\u00f4te \u00e0 c\u00f4te dans une paix relative se sont retourn\u00e9s les uns contre les autres \u00bb, a d\u00e9clar\u00e9 M. Ramaphosa dans son message hebdomadaire \u00e0 la nation.<\/p>\n<p>Cela a eu un impact \u00e9norme sur la \u00ab coh\u00e9sion des communaut\u00e9s \u00bb qui avaient v\u00e9cu ensemble pendant des ann\u00e9es, a-t-il ajout\u00e9.<\/p>\n<p>Il a cit\u00e9 en exemple les \u00e9v\u00e9nements tragiques qui se sont d\u00e9roul\u00e9s \u00e0 Phoenix et dans ses environs, \u00e0 Durban, o\u00f9 plusieurs personnes ont \u00e9t\u00e9 tu\u00e9es lors d&rsquo;attaques raciales pr\u00e9sum\u00e9es.<\/p>\n<p>Selon M. Ramaphosa, il reste encore beaucoup \u00e0 d\u00e9couvrir sur les \u00e9v\u00e9nements qui se sont d\u00e9roul\u00e9s au cours des deux derni\u00e8res semaines dans les deux provinces.<\/p>\n<p>\u00ab Toutefois, la prolif\u00e9ration de fake news, d&rsquo;images trafiqu\u00e9es et d&rsquo;informations erron\u00e9es a n&rsquo;a pas aid\u00e9 \u00e0 faire la distinction entre les faits de la fiction \u00bb, a-t-il poursuivi.<\/p>\n<p>Cet article <a rel=\"nofollow\" href=\"https:\/\/www.journalducameroun.com\/ramaphosa-deplore-limpact-des-violences-sur-les-communautes\/\">Ramaphosa d\u00e9plore l\u2019impact des violences sur les communaut\u00e9s<\/a> est apparu en premier sur <a rel=\"nofollow\" href=\"https:\/\/www.journalducameroun.com\/\">Journal du Cameroun<\/a>.<\/p>\n<\/div>\n<p>Auteur: APA News<br \/>\n<a href=\"https:\/\/www.journalducameroun.com\/ramaphosa-deplore-limpact-des-violences-sur-les-communautes\/\">Cliquez ici pour lire l&rsquo;article depuis sa source.<\/a><\/p>\n","protected":false},"excerpt":{"rendered":"<p>Les destructions et les violences au KwaZulu-Natal et au Gauteng ont endommag\u00e9 des biens et des moyens de subsistance des populations, a d\u00e9clar\u00e9 lundi le pr\u00e9sident Cyril Ramaphosa.\u00ab Pendant les pires troubles de notre d\u00e9mocratie, et dans un climat d\u00e9j\u00e0 charg\u00e9 de suspicion et de parano\u00efa, des gens qui avaient v\u00e9cu c\u00f4te \u00e0 c\u00f4te dans [&hellip;]<\/p>\n","protected":false},"author":1965,"featured_media":0,"comment_status":"closed","ping_status":"closed","sticky":false,"template":"","format":"standard","meta":{"fifu_image_url":"https:\/\/www.journalducameroun.com\/wp-content\/uploads\/2021\/07\/16273162823134.jpg","fifu_image_alt":"Ramaphosa d\u00e9plore l\u2019impact des violences sur les communaut\u00e9s","footnotes":""},"categories":[73,82],"tags":[],"class_list":["post-122476","post","type-post","status-publish","format-standard","hentry","category-actualite","category-cameroun"],"_links":{"self":[{"href":"https:\/\/linitiative.ca\/International\/wp-json\/wp\/v2\/posts\/122476","targetHints":{"allow":["GET"]}}],"collection":[{"href":"https:\/\/linitiative.ca\/International\/wp-json\/wp\/v2\/posts"}],"about":[{"href":"https:\/\/linitiative.ca\/International\/wp-json\/wp\/v2\/types\/post"}],"author":[{"embeddable":true,"href":"https:\/\/linitiative.ca\/International\/wp-json\/wp\/v2\/users\/1965"}],"replies":[{"embeddable":true,"href":"https:\/\/linitiative.ca\/International\/wp-json\/wp\/v2\/comments?post=122476"}],"version-history":[{"count":0,"href":"https:\/\/linitiative.ca\/International\/wp-json\/wp\/v2\/posts\/122476\/revisions"}],"wp:attachment":[{"href":"https:\/\/linitiative.ca\/International\/wp-json\/wp\/v2\/media?parent=122476"}],"wp:term":[{"taxonomy":"category","embeddable":true,"href":"https:\/\/linitiative.ca\/International\/wp-json\/wp\/v2\/categories?post=122476"},{"taxonomy":"post_tag","embeddable":true,"href":"https:\/\/linitiative.ca\/International\/wp-json\/wp\/v2\/tags?post=122476"}],"curies":[{"name":"wp","href":"https:\/\/api.w.org\/{rel}","templated":true}]}}