{"id":122478,"date":"2021-07-26T12:50:32","date_gmt":"2021-07-26T16:50:32","guid":{"rendered":"https:\/\/linitiative.ca\/International\/france-le-lieutenant-camerounais-mballa-ndi-major-a-lecole-de-guerre-de-saint-cyr\/"},"modified":"2021-07-26T12:50:32","modified_gmt":"2021-07-26T16:50:32","slug":"france-le-lieutenant-camerounais-mballa-ndi-major-a-lecole-de-guerre-de-saint-cyr","status":"publish","type":"post","link":"https:\/\/linitiative.ca\/International\/france-le-lieutenant-camerounais-mballa-ndi-major-a-lecole-de-guerre-de-saint-cyr\/","title":{"rendered":"France : le lieutenant camerounais Mballa Ndi, major \u00e0 l\u2019\u00e9cole de guerre de Saint Cyr"},"content":{"rendered":"<div>\n<p><img loading=\"lazy\" decoding=\"async\" width=\"720\" height=\"405\" src=\"https:\/\/linitiative.ca\/International\/wp-content\/uploads\/sites\/23\/2021\/07\/Lieutenant-Mballa-Ndi.jpeg\" class=\"attachment-post-thumbnail size-post-thumbnail wp-post-image\" alt=\"\" srcset=\"https:\/\/linitiative.ca\/International\/wp-content\/uploads\/sites\/23\/2021\/07\/Lieutenant-Mballa-Ndi.jpeg 720w, https:\/\/www.journalducameroun.com\/wp-content\/uploads\/2021\/07\/Lieutenant-Mballa-Ndi-300x169.jpeg 300w, https:\/\/www.journalducameroun.com\/wp-content\/uploads\/2021\/07\/Lieutenant-Mballa-Ndi-780x440.jpeg 780w, https:\/\/www.journalducameroun.com\/wp-content\/uploads\/2021\/07\/Lieutenant-Mballa-Ndi-380x215.jpeg 380w, https:\/\/www.journalducameroun.com\/wp-content\/uploads\/2021\/07\/Lieutenant-Mballa-Ndi-160x90.jpeg 160w, https:\/\/www.journalducameroun.com\/wp-content\/uploads\/2021\/07\/Lieutenant-Mballa-Ndi-240x135.jpeg 240w, https:\/\/www.journalducameroun.com\/wp-content\/uploads\/2021\/07\/Lieutenant-Mballa-Ndi-600x338.jpeg 600w\" sizes=\"auto, (max-width: 720px) 100vw, 720px\"><\/p>\n<h5 style=\"text-align: justify;\">Admis dans cette \u00e9cole gr\u00e2ce \u00e0 la coop\u00e9ration militaire entre la France et le Cameroun, le lieutenant Mballa\u00a0a \u00e9t\u00e9<strong style=\"font-size: 16px;\"> couronn\u00e9 \u00e0 la sortie\u00a0<\/strong><span style=\"font-size: 16px;\">le 24 juillet 2021<\/span><span style=\"font-size: 16px;\">\u00a0<\/span><strong style=\"font-size: 16px;\">par le g\u00e9n\u00e9ral d&rsquo;arm\u00e9e fran\u00e7ais Thierry Burkhard, nouveau \u00a0chef d\u2019\u00e9tat-major des arm\u00e9es.<\/strong><\/h5>\n<p>\u00a0<\/p>\n<p style=\"text-align: justify;\">Le lieutenant <strong>Mballa Ndi<\/strong> termine major de sa promotion \u00e0 l\u2019<strong>\u00e9cole de guerre de Saint Cyr<\/strong> en France. Une prestigieuse \u00e9cole de guerre o\u00f9 a \u00e9t\u00e9 notamment form\u00e9 son compatriote,\u00a0 le g\u00e9n\u00e9ral <strong>Pierre Semengue<\/strong>, ancien chef d\u2019Etat-major des arm\u00e9es, aujourd\u2019hui \u00e0 la retraite.<\/p>\n<p style=\"text-align: justify;\">Le lieutenant Mballa Ndi a \u00e9t\u00e9 prim\u00e9 au cours d\u2019une c\u00e9r\u00e9monie militaire pr\u00e9sid\u00e9e par le g\u00e9n\u00e9ral d&rsquo;arm\u00e9e <strong>Thierry Burkhard,<\/strong> tout nouveau chef d\u2019Etat-major des arm\u00e9es fran\u00e7aises, qui a officiellement pris fonction le 22\u00a0juillet 2021.<\/p>\n<p style=\"text-align: justify;\">La 207e promotion de l&rsquo;Ecole sp\u00e9ciale militaire de Saint Cyr (ESM) a re\u00e7u le nom de \u00ab <strong><em>G\u00e9n\u00e9ral Caillaud<\/em><\/strong> \u00bb, figure embl\u00e9matique du 2e R\u00e9publique &#8211; 2\u00e8me R\u00e9giment \u00e9tranger de parachutistes ayant pris part aux combats de la L\u00e9gion \u00e9trang\u00e8re en Indochine et en Alg\u00e9rie.<\/p>\n<p style=\"text-align: justify;\">L\u2019on apprend que pour la toute derni\u00e8re fois, la promotion \u00ab\u00a0Compagnons de la Lib\u00e9ration\u00a0\u00bb de l\u2019ESM \u00a0et la promotion \u00ab\u00a0Arm\u00e9e des Alpes\u00a0\u00bb de l\u2019\u00c9cole militaire interarmes (EMIA) ont d\u00e9fil\u00e9 en grand uniforme et tenue de parade apr\u00e8s avoir transmis la garde de leurs drapeaux respectifs aux promotions suivantes.<\/p>\n<p style=\"text-align: justify;\">La \u00a0c\u00e9r\u00e9monie constituait aussi l\u2019acte de naissance de trois nouvelles promotions recevant, le m\u00eame soir, leur nom de bapt\u00eame.<\/p>\n<p style=\"text-align: justify;\">.<\/p>\n<p>Cet article <a rel=\"nofollow\" href=\"https:\/\/www.journalducameroun.com\/france-le-lieutenant-camerounais-mballa-ndi-major-a-lecole-de-guerre-de-saint-cyr-cameroun\/\">France : le lieutenant camerounais Mballa Ndi, major \u00e0 l\u2019\u00e9cole de guerre de Saint Cyr<\/a> est apparu en premier sur <a rel=\"nofollow\" href=\"https:\/\/www.journalducameroun.com\/\">Journal du Cameroun<\/a>.<\/p>\n<\/div>\n<p>Auteur: Christian DJIMADEU<br \/>\n<a href=\"https:\/\/www.journalducameroun.com\/france-le-lieutenant-camerounais-mballa-ndi-major-a-lecole-de-guerre-de-saint-cyr-cameroun\/\">Cliquez ici pour lire l&rsquo;article depuis sa source.<\/a><\/p>\n","protected":false},"excerpt":{"rendered":"<p>Admis dans cette \u00e9cole gr\u00e2ce \u00e0 la coop\u00e9ration militaire entre la France et le Cameroun, le lieutenant Mballa\u00a0a \u00e9t\u00e9 couronn\u00e9 \u00e0 la sortie\u00a0le 24 juillet 2021\u00a0par le g\u00e9n\u00e9ral d&rsquo;arm\u00e9e fran\u00e7ais Thierry Burkhard, nouveau \u00a0chef d\u2019\u00e9tat-major des arm\u00e9es. \u00a0 Le lieutenant Mballa Ndi termine major de sa promotion \u00e0 l\u2019\u00e9cole de guerre de Saint Cyr en [&hellip;]<\/p>\n","protected":false},"author":1965,"featured_media":0,"comment_status":"closed","ping_status":"closed","sticky":false,"template":"","format":"standard","meta":{"fifu_image_url":"https:\/\/www.journalducameroun.com\/wp-content\/uploads\/2021\/07\/Lieutenant-Mballa-Ndi.jpeg","fifu_image_alt":"France : le lieutenant camerounais Mballa Ndi, major \u00e0 l\u2019\u00e9cole de guerre de Saint Cyr","footnotes":""},"categories":[73,82],"tags":[],"class_list":["post-122478","post","type-post","status-publish","format-standard","hentry","category-actualite","category-cameroun"],"_links":{"self":[{"href":"https:\/\/linitiative.ca\/International\/wp-json\/wp\/v2\/posts\/122478","targetHints":{"allow":["GET"]}}],"collection":[{"href":"https:\/\/linitiative.ca\/International\/wp-json\/wp\/v2\/posts"}],"about":[{"href":"https:\/\/linitiative.ca\/International\/wp-json\/wp\/v2\/types\/post"}],"author":[{"embeddable":true,"href":"https:\/\/linitiative.ca\/International\/wp-json\/wp\/v2\/users\/1965"}],"replies":[{"embeddable":true,"href":"https:\/\/linitiative.ca\/International\/wp-json\/wp\/v2\/comments?post=122478"}],"version-history":[{"count":0,"href":"https:\/\/linitiative.ca\/International\/wp-json\/wp\/v2\/posts\/122478\/revisions"}],"wp:attachment":[{"href":"https:\/\/linitiative.ca\/International\/wp-json\/wp\/v2\/media?parent=122478"}],"wp:term":[{"taxonomy":"category","embeddable":true,"href":"https:\/\/linitiative.ca\/International\/wp-json\/wp\/v2\/categories?post=122478"},{"taxonomy":"post_tag","embeddable":true,"href":"https:\/\/linitiative.ca\/International\/wp-json\/wp\/v2\/tags?post=122478"}],"curies":[{"name":"wp","href":"https:\/\/api.w.org\/{rel}","templated":true}]}}