{"id":122480,"date":"2021-07-26T17:18:02","date_gmt":"2021-07-26T21:18:02","guid":{"rendered":"https:\/\/linitiative.ca\/International\/covid-19-la-vaccination-des-femmes-enceintes-autorisee-au-maroc\/"},"modified":"2021-07-26T17:18:02","modified_gmt":"2021-07-26T21:18:02","slug":"covid-19-la-vaccination-des-femmes-enceintes-autorisee-au-maroc","status":"publish","type":"post","link":"https:\/\/linitiative.ca\/International\/covid-19-la-vaccination-des-femmes-enceintes-autorisee-au-maroc\/","title":{"rendered":"Covid-19 : La vaccination des femmes enceintes autoris\u00e9e au Maroc"},"content":{"rendered":"<div>\n<p><img loading=\"lazy\" decoding=\"async\" width=\"780\" height=\"468\" src=\"https:\/\/linitiative.ca\/International\/wp-content\/uploads\/sites\/23\/2021\/07\/16273342823050.jpg\" class=\"attachment-post-thumbnail size-post-thumbnail wp-post-image\" alt=\"\" srcset=\"https:\/\/linitiative.ca\/International\/wp-content\/uploads\/sites\/23\/2021\/07\/16273342823050.jpg 780w, https:\/\/www.journalducameroun.com\/wp-content\/uploads\/2021\/07\/16273342823050-300x180.jpg 300w, https:\/\/www.journalducameroun.com\/wp-content\/uploads\/2021\/07\/16273342823050-768x461.jpg 768w, https:\/\/www.journalducameroun.com\/wp-content\/uploads\/2021\/07\/16273342823050-733x440.jpg 733w, https:\/\/www.journalducameroun.com\/wp-content\/uploads\/2021\/07\/16273342823050-600x360.jpg 600w\" sizes=\"auto, (max-width: 780px) 100vw, 780px\"><\/p>\n<p>Les femmes enceintes ayant boucl\u00e9 leur troisi\u00e8me mois de grossesse pourront se faire vacciner, selon le Comit\u00e9 scientifique et technique marocain charg\u00e9 de la vaccination anti-Covid-19.Lors d&rsquo;une r\u00e9union extraordinaire tenue par le ministre de la Sant\u00e9, Khalid A\u00eft Taleb avec les membres dudit Comit\u00e9, l&rsquo;accent a mis sur certains changements \u00e0 apporter \u00e0 la strat\u00e9gie nationale de vaccination.<\/p>\n<p>Selon des sources au sein du Comit\u00e9, la discussion a port\u00e9 sur certaines cat\u00e9gories interdites de vaccination au Maroc, sp\u00e9cifiquement les femmes enceintes et allaitantes, rapporte la presse locale.<\/p>\n<p>Le minist\u00e8re envisage ainsi d&rsquo;int\u00e9grer cette frange dans la liste des \u00e9ligibles \u00e0 la vaccination contre le virus apr\u00e8s avoir constat\u00e9 une hausse notable des contaminations parmi les femmes enceintes, dont plusieurs cas graves.<\/p>\n<p>Cette nouvelle mesure s&rsquo;inscrit dans le cadre de la volont\u00e9 du Maroc d&rsquo;acc\u00e9l\u00e9rer le rythme de vaccination au niveau national en \u00e9largissant la base des b\u00e9n\u00e9ficiaires et en assurant des quantit\u00e9s suffisantes de vaccins de sources diversifi\u00e9es.<\/p>\n<p>Le Maroc se pr\u00e9pare d&rsquo;ailleurs \u00e0 recevoir ce mardi un million de dose du vaccin chinois Sinopharm qui viendra ainsi s&rsquo;ajouter \u00e0 celles du vaccin Janssen de Johnson &amp; Johnson d\u00e9j\u00e0 r\u00e9ceptionn\u00e9s.<\/p>\n<p>Cet article <a rel=\"nofollow\" href=\"https:\/\/www.journalducameroun.com\/covid-19-la-vaccination-des-femmes-enceintes-autorisee-au-maroc\/\">Covid-19 : La vaccination des femmes enceintes autoris\u00e9e au Maroc<\/a> est apparu en premier sur <a rel=\"nofollow\" href=\"https:\/\/www.journalducameroun.com\/\">Journal du Cameroun<\/a>.<\/p>\n<\/div>\n<p>Auteur: APA News<br \/>\n<a href=\"https:\/\/www.journalducameroun.com\/covid-19-la-vaccination-des-femmes-enceintes-autorisee-au-maroc\/\">Cliquez ici pour lire l&rsquo;article depuis sa source.<\/a><\/p>\n","protected":false},"excerpt":{"rendered":"<p>Les femmes enceintes ayant boucl\u00e9 leur troisi\u00e8me mois de grossesse pourront se faire vacciner, selon le Comit\u00e9 scientifique et technique marocain charg\u00e9 de la vaccination anti-Covid-19.Lors d&rsquo;une r\u00e9union extraordinaire tenue par le ministre de la Sant\u00e9, Khalid A\u00eft Taleb avec les membres dudit Comit\u00e9, l&rsquo;accent a mis sur certains changements \u00e0 apporter \u00e0 la strat\u00e9gie [&hellip;]<\/p>\n","protected":false},"author":1965,"featured_media":0,"comment_status":"closed","ping_status":"closed","sticky":false,"template":"","format":"standard","meta":{"fifu_image_url":"https:\/\/www.journalducameroun.com\/wp-content\/uploads\/2021\/07\/16273342823050.jpg","fifu_image_alt":"Covid-19 : La vaccination des femmes enceintes autoris\u00e9e au Maroc","footnotes":""},"categories":[73,82],"tags":[],"class_list":["post-122480","post","type-post","status-publish","format-standard","hentry","category-actualite","category-cameroun"],"_links":{"self":[{"href":"https:\/\/linitiative.ca\/International\/wp-json\/wp\/v2\/posts\/122480","targetHints":{"allow":["GET"]}}],"collection":[{"href":"https:\/\/linitiative.ca\/International\/wp-json\/wp\/v2\/posts"}],"about":[{"href":"https:\/\/linitiative.ca\/International\/wp-json\/wp\/v2\/types\/post"}],"author":[{"embeddable":true,"href":"https:\/\/linitiative.ca\/International\/wp-json\/wp\/v2\/users\/1965"}],"replies":[{"embeddable":true,"href":"https:\/\/linitiative.ca\/International\/wp-json\/wp\/v2\/comments?post=122480"}],"version-history":[{"count":0,"href":"https:\/\/linitiative.ca\/International\/wp-json\/wp\/v2\/posts\/122480\/revisions"}],"wp:attachment":[{"href":"https:\/\/linitiative.ca\/International\/wp-json\/wp\/v2\/media?parent=122480"}],"wp:term":[{"taxonomy":"category","embeddable":true,"href":"https:\/\/linitiative.ca\/International\/wp-json\/wp\/v2\/categories?post=122480"},{"taxonomy":"post_tag","embeddable":true,"href":"https:\/\/linitiative.ca\/International\/wp-json\/wp\/v2\/tags?post=122480"}],"curies":[{"name":"wp","href":"https:\/\/api.w.org\/{rel}","templated":true}]}}