{"id":122482,"date":"2021-07-26T17:18:02","date_gmt":"2021-07-26T21:18:02","guid":{"rendered":"https:\/\/linitiative.ca\/International\/maroc-le-systeme-de-sante-toujours-resilient-face-a-la-rechute-epidemiologique-actuelle-responsable\/"},"modified":"2021-07-26T17:18:02","modified_gmt":"2021-07-26T21:18:02","slug":"maroc-le-systeme-de-sante-toujours-resilient-face-a-la-rechute-epidemiologique-actuelle-responsable","status":"publish","type":"post","link":"https:\/\/linitiative.ca\/International\/maroc-le-systeme-de-sante-toujours-resilient-face-a-la-rechute-epidemiologique-actuelle-responsable\/","title":{"rendered":"Maroc : Le syst\u00e8me de sant\u00e9 toujours r\u00e9silient face \u00e0 la rechute \u00e9pid\u00e9miologique actuelle (responsable)"},"content":{"rendered":"<div>\n<p><img loading=\"lazy\" decoding=\"async\" width=\"504\" height=\"300\" src=\"https:\/\/linitiative.ca\/International\/wp-content\/uploads\/sites\/23\/2021\/07\/16273342827553.jpg\" class=\"attachment-post-thumbnail size-post-thumbnail wp-post-image\" alt=\"\" srcset=\"https:\/\/linitiative.ca\/International\/wp-content\/uploads\/sites\/23\/2021\/07\/16273342827553.jpg 504w, https:\/\/www.journalducameroun.com\/wp-content\/uploads\/2021\/07\/16273342827553-300x179.jpg 300w\" sizes=\"auto, (max-width: 504px) 100vw, 504px\"><\/p>\n<p>Le syst\u00e8me national de sant\u00e9 est toujours r\u00e9silient face \u00e0 la rechute \u00e9pid\u00e9miologique actuelle, a assur\u00e9 le coordonnateur du Centre national des op\u00e9rations d&rsquo;urgence de sant\u00e9 publique au minist\u00e8re de la Sant\u00e9, Mouad Mrabet, soulignant que les r\u00e9centes mesures pr\u00e9ventives annonc\u00e9es par le gouvernement pour lutter contre la pand\u00e9mie porteront leurs fruits dans deux semaines.Le responsable sanitaire a estim\u00e9 que le gouvernement sera appel\u00e9 de prendre des mesures plus strictes si la situation continue de s&rsquo;aggraver en raison du non-respect de la part des citoyennes et citoyens des mesures de pr\u00e9vention, notant que le Maroc fait face \u00e0 une nouvelle vague de propagation du virus, qui en est \u00e0 sa cinqui\u00e8me semaine.<\/p>\n<p>Il a averti que la propagation rapide du virus risque de compromettre tous les progr\u00e8s r\u00e9alis\u00e9s par le Maroc en mati\u00e8re de lutte contre la pand\u00e9mie, expliquant que le nombre quotidien des cas s&rsquo;\u00e9l\u00e8ve d\u00e9sormais \u00e0 \u00ab\u00a04.000 avec plus de 100 nouveaux cas par jour en r\u00e9animation et les services de soins intensifs, alors que le nombre de d\u00e9c\u00e8s atteint 20 cas quotidiennement\u00a0\u00bb.<\/p>\n<p>Parmi les indicateurs importants de cette rechute figure la recrudescence des cas critiques, notamment \u00e0 Casablanca et Marrakech, a-t-il relev\u00e9, appelant \u00e0 ce titre les citoyens \u00e0 poursuivre leur plein engagement et le strict respect de toutes les mesures de pr\u00e9vention annonc\u00e9es, y compris la distanciation physique, les r\u00e8gles g\u00e9n\u00e9rales d&rsquo;hygi\u00e8ne et le port correct du masque sanitaire.<\/p>\n<p>S&rsquo;agissant de la campagne de vaccination, M. Mrabet a affirm\u00e9 qu&rsquo;elle se poursuit \u00e0 un rythme r\u00e9gulier, notamment apr\u00e8s la d\u00e9cision du minist\u00e8re de la Sant\u00e9 de maintenir les centres de vaccination ouverts jusqu&rsquo;\u00e0 20H, 7j\/7, appelant les citoyens \u00e0 respecter les dates de la vaccination et de ne pas tenir compte des fausses informations v\u00e9hicul\u00e9es dans les r\u00e9seaux sociaux et visant \u00e0 remettre en cause l&rsquo;efficacit\u00e9 des vaccins.<\/p>\n<p>Il a ensuite expliqu\u00e9 que les mesures barri\u00e8res sont un ensemble de dispositions individuelles ou collectives qui freinent la propagation du virus et qui se manifestent par le port correct du masque sanitaire, le lavage des mains avec de l&rsquo;eau et du savon, l&rsquo;utilisation des d\u00e9sinfectants \u00e0 base d&rsquo;alcool et l&rsquo;observation de la distanciation physique.<\/p>\n<p>Cet article <a rel=\"nofollow\" href=\"https:\/\/www.journalducameroun.com\/maroc-le-systeme-de-sante-toujours-resilient-face-a-la-rechute-epidemiologique-actuelle-responsable\/\">Maroc : Le syst\u00e8me de sant\u00e9 toujours r\u00e9silient face \u00e0 la rechute \u00e9pid\u00e9miologique actuelle (responsable)<\/a> est apparu en premier sur <a rel=\"nofollow\" href=\"https:\/\/www.journalducameroun.com\/\">Journal du Cameroun<\/a>.<\/p>\n<\/div>\n<p>Auteur: APA News<br \/>\n<a href=\"https:\/\/www.journalducameroun.com\/maroc-le-systeme-de-sante-toujours-resilient-face-a-la-rechute-epidemiologique-actuelle-responsable\/\">Cliquez ici pour lire l&rsquo;article depuis sa source.<\/a><\/p>\n","protected":false},"excerpt":{"rendered":"<p>Le syst\u00e8me national de sant\u00e9 est toujours r\u00e9silient face \u00e0 la rechute \u00e9pid\u00e9miologique actuelle, a assur\u00e9 le coordonnateur du Centre national des op\u00e9rations d&rsquo;urgence de sant\u00e9 publique au minist\u00e8re de la Sant\u00e9, Mouad Mrabet, soulignant que les r\u00e9centes mesures pr\u00e9ventives annonc\u00e9es par le gouvernement pour lutter contre la pand\u00e9mie porteront leurs fruits dans deux semaines.Le [&hellip;]<\/p>\n","protected":false},"author":1965,"featured_media":0,"comment_status":"closed","ping_status":"closed","sticky":false,"template":"","format":"standard","meta":{"fifu_image_url":"https:\/\/www.journalducameroun.com\/wp-content\/uploads\/2021\/07\/16273342827553.jpg","fifu_image_alt":"Maroc : Le syst\u00e8me de sant\u00e9 toujours r\u00e9silient face \u00e0 la rechute \u00e9pid\u00e9miologique actuelle (responsable)","footnotes":""},"categories":[73,82],"tags":[],"class_list":["post-122482","post","type-post","status-publish","format-standard","hentry","category-actualite","category-cameroun"],"_links":{"self":[{"href":"https:\/\/linitiative.ca\/International\/wp-json\/wp\/v2\/posts\/122482","targetHints":{"allow":["GET"]}}],"collection":[{"href":"https:\/\/linitiative.ca\/International\/wp-json\/wp\/v2\/posts"}],"about":[{"href":"https:\/\/linitiative.ca\/International\/wp-json\/wp\/v2\/types\/post"}],"author":[{"embeddable":true,"href":"https:\/\/linitiative.ca\/International\/wp-json\/wp\/v2\/users\/1965"}],"replies":[{"embeddable":true,"href":"https:\/\/linitiative.ca\/International\/wp-json\/wp\/v2\/comments?post=122482"}],"version-history":[{"count":0,"href":"https:\/\/linitiative.ca\/International\/wp-json\/wp\/v2\/posts\/122482\/revisions"}],"wp:attachment":[{"href":"https:\/\/linitiative.ca\/International\/wp-json\/wp\/v2\/media?parent=122482"}],"wp:term":[{"taxonomy":"category","embeddable":true,"href":"https:\/\/linitiative.ca\/International\/wp-json\/wp\/v2\/categories?post=122482"},{"taxonomy":"post_tag","embeddable":true,"href":"https:\/\/linitiative.ca\/International\/wp-json\/wp\/v2\/tags?post=122482"}],"curies":[{"name":"wp","href":"https:\/\/api.w.org\/{rel}","templated":true}]}}