{"id":122485,"date":"2021-07-26T09:00:16","date_gmt":"2021-07-26T13:00:16","guid":{"rendered":"https:\/\/linitiative.ca\/International\/repercussions-linsolvabilite-de-nexttel-menace-la-stabilite-des-autres-operateurs\/"},"modified":"2021-07-26T09:00:16","modified_gmt":"2021-07-26T13:00:16","slug":"repercussions-linsolvabilite-de-nexttel-menace-la-stabilite-des-autres-operateurs","status":"publish","type":"post","link":"https:\/\/linitiative.ca\/International\/repercussions-linsolvabilite-de-nexttel-menace-la-stabilite-des-autres-operateurs\/","title":{"rendered":"R\u00e9percussions : l\u2019insolvabilit\u00e9 de Nexttel menace la stabilit\u00e9 des autres op\u00e9rateurs"},"content":{"rendered":"<div>\n<p>Le 7 juillet dernier, le ministre des Postes et T\u00e9l\u00e9communications, Minette Libom Li Likeng, est pass\u00e9e \u00e0 l\u2019Assembl\u00e9e Nationale, \u00e0 l\u2019occasion de la deuxi\u00e8me session parlementaire annuelle, pour \u00e9changer avec les d\u00e9put\u00e9s sur les difficult\u00e9s du secteur des t\u00e9l\u00e9communications dont elle a la charge. Sur ces entrefaites, la patronne de ce d\u00e9partement minist\u00e9riel a fait des r\u00e9v\u00e9lations au sujet de la situation de la compagnie de t\u00e9l\u00e9phonie mobile Nexttel (Viettel Cameroun), dont l\u2019insolvabilit\u00e9 semble d\u00e9sormais exasp\u00e9rer les autres op\u00e9rateurs du secteur. \u00ab Nexttel ne paye plus sa dette, ne paye plus sa facture vis-\u00e0-vis de Orange, de Mtn, et de Camtel. Tous se plaignent et leurs chiffres d\u2019affaires baissent \u00e0 cause de Nexttel. On fait quoi de Nexttel ? On a besoin de maintenir la communication mais Nexttel est presque aujourd\u2019hui insolvable \u00bb, a d\u00e9clar\u00e9 Minette Libom Li Likeng, laissant clairement entendre que cette situation impactait fortement sur les activit\u00e9s des autres compagnies concurrentes : \u00ab L\u2019argent que Camtel avait cru avoir, elle ne l\u2019a plus. Orange esp\u00e9rait qu\u2019il aura une offre de service et a plusieurs fois saisi l\u2019Agence de r\u00e9gulation des t\u00e9l\u00e9communications (ART) \u00bb, a-t-elle rench\u00e9ri.<\/p>\n<p><strong>Lire aussi<\/strong> : <a href=\"https:\/\/ecomatin.net\/telephonie-mobile-les-dossierss-urgents-de-benoit-yaoussou-le-nouveau-dg-de-viettel-cameroun\/\"><strong>T\u00e9l\u00e9phonie mobile : les dossiers urgents de Beno\u00eet Yaoussou, le nouveau DG de Viettel Cameroun<\/strong> <\/a><\/p>\n<p>Quelques chiffres ont \u00e9t\u00e9 avanc\u00e9s et concernent d\u2019importantes sommes dues par Nexttel \u00e0 quelques prestataires parmi lesquelles l\u2019Agence de r\u00e9gulation des t\u00e9l\u00e9communications dont la dette s\u2019\u00e9l\u00e8ve \u00e0 42,2 milliards de F ; la quote-part de Camtel est de 11 milliards, tandis que IHS Cameroun, une entreprise sp\u00e9cialis\u00e9e dans l\u2019acquisition et la maintenance des infrastructures de t\u00e9l\u00e9coms lui r\u00e9clame 6 milliards de F. Pour ces trois prestataires, on se situe autour de 60 milliards de F, non sans \u00e9voquer les parts d\u2019Orange et de MTN, qui n\u2019ont pas \u00e9t\u00e9 r\u00e9v\u00e9l\u00e9es par le ministre.<\/p>\n<p><strong>Nexttel conteste les chiffres<\/strong><\/p>\n<p>La situation de Nexttel n\u2019est gu\u00e8re reluisante, et ses tensions de tr\u00e9sorerie constituent d\u2019\u00e9normes risques pour le secteur des t\u00e9l\u00e9coms, m\u00eame si au sein de la compagnie de t\u00e9l\u00e9phonie mobile, ont bat compl\u00e8tement en br\u00e8che les chiffres avanc\u00e9s par le Minpostel. \u00ab Ces d\u00e9clarations sont fausses car tous les op\u00e9rateurs doivent au r\u00e9gulateur et ces cr\u00e9ances sont souvent contest\u00e9es. Pour ce qui est de l\u2019ART, une de nos contestations nous a permis la r\u00e9duction de 3 milliards de F sur la cr\u00e9ance et le contentieux est en cours. Il en est de m\u00eame avec IHS \u00e0 qui nous devons certainement, mais il faut faire des r\u00e9conciliations sur le montant donn\u00e9. Il en est de m\u00eame pour Camtel. Il et \u00e0 pr\u00e9ciser que ces chiffres sont confidentiels et ne devraient pas \u00eatre publi\u00e9s par Mme le ministre \u00bb, a r\u00e9agi Moussa Ousseini, le Chef de la Communication de Nexttel, contact\u00e9 par EcoMatin. Il va sans dire que l\u2019entreprise conteste les chiffres avanc\u00e9s par la tutelle, m\u00eame si elle n\u2019en dit pas plus sur les montants querell\u00e9s.<\/p>\n<p><strong>Lire aussi<\/strong> : <strong><a href=\"https:\/\/ecomatin.net\/transfert-dargent-orange-cameroun-revendique-70-de-parts-de-marche-du-mobile-money\/\">Transfert d\u2019argent : Orange Cameroun revendique 70% de parts de march\u00e9 du Mobile money<\/a><\/strong><\/p>\n<p>Il n\u2019emp\u00eache qu\u2019au Minpostel, l\u2019on estime que l\u2019insolvabilit\u00e9 de Nexttel Cameroun vis-\u00e0-vis des autres acteurs du secteur risque de porter un coup sur le m\u00e9canisme de redevances per\u00e7ues par le r\u00e9gulateur et les charges d\u2019exploitation des autres op\u00e9rateurs. \u00ab Plus encore, elle constitue \u00e0 date un risque syst\u00e9mique qui pourrait d\u00e9clencher une grande instabilit\u00e9 ou provoquer l\u2019effondrement de toute la chaine de production des services de communications \u00e9lectroniques au regard du fait que les op\u00e9rateurs sont interconnect\u00e9s les uns les autres, la d\u00e9faillance aigue de l\u2019un peut entrainer celles des autres \u00bb, analyse par ailleurs un cadre du Minpostel. Il importe de pr\u00e9ciser que Nexttel reste emp\u00eatr\u00e9e dans des bisbilles judiciaires avec son partenaire vietnamien Viettel Global Joint Stock. Les deux entit\u00e9s sont tout de m\u00eame engag\u00e9es sur la voie des n\u00e9gociations pour en finir avec cette affaire.<\/p>\n<p><strong>Lire aussi<\/strong> : <strong><a href=\"https:\/\/ecomatin.net\/telecommunicationss-lart-va-saisir-less-comptess-de-nexttel\/\">T\u00e9l\u00e9communications\u00a0: l\u2019ART va saisir les comptes de Nexttel<\/a><\/strong><\/p>\n<p>L\u2019article <a rel=\"nofollow\" href=\"https:\/\/ecomatin.net\/repercussionss-linsolvabilite-de-nexttel-menace-la-stabilite-dess-autress-operateurs\/\">R\u00e9percussions : l\u2019insolvabilit\u00e9 de Nexttel menace la stabilit\u00e9 des autres op\u00e9rateurs<\/a> est apparu en premier sur <a rel=\"nofollow\" href=\"https:\/\/ecomatin.net\/\">EcoMatin<\/a>.<\/p>\n<\/div>\n<p>Auteur: Yannick KENNE<br \/>\n<a href=\"https:\/\/ecomatin.net\/repercussionss-linsolvabilite-de-nexttel-menace-la-stabilite-dess-autress-operateurs\/\">Cliquez ici pour lire l&rsquo;article depuis sa source.<\/a><\/p>\n","protected":false},"excerpt":{"rendered":"<p>Le 7 juillet dernier, le ministre des Postes et T\u00e9l\u00e9communications, Minette Libom Li Likeng, est pass\u00e9e \u00e0 l\u2019Assembl\u00e9e Nationale, \u00e0 l\u2019occasion de la deuxi\u00e8me session parlementaire annuelle, pour \u00e9changer avec les d\u00e9put\u00e9s sur les difficult\u00e9s du secteur des t\u00e9l\u00e9communications dont elle a la charge. Sur ces entrefaites, la patronne de ce d\u00e9partement minist\u00e9riel a fait [&hellip;]<\/p>\n","protected":false},"author":1969,"featured_media":0,"comment_status":"closed","ping_status":"closed","sticky":false,"template":"","format":"standard","meta":{"fifu_image_url":"","fifu_image_alt":"","footnotes":""},"categories":[82,78],"tags":[],"class_list":["post-122485","post","type-post","status-publish","format-standard","hentry","category-cameroun","category-economie"],"_links":{"self":[{"href":"https:\/\/linitiative.ca\/International\/wp-json\/wp\/v2\/posts\/122485","targetHints":{"allow":["GET"]}}],"collection":[{"href":"https:\/\/linitiative.ca\/International\/wp-json\/wp\/v2\/posts"}],"about":[{"href":"https:\/\/linitiative.ca\/International\/wp-json\/wp\/v2\/types\/post"}],"author":[{"embeddable":true,"href":"https:\/\/linitiative.ca\/International\/wp-json\/wp\/v2\/users\/1969"}],"replies":[{"embeddable":true,"href":"https:\/\/linitiative.ca\/International\/wp-json\/wp\/v2\/comments?post=122485"}],"version-history":[{"count":0,"href":"https:\/\/linitiative.ca\/International\/wp-json\/wp\/v2\/posts\/122485\/revisions"}],"wp:attachment":[{"href":"https:\/\/linitiative.ca\/International\/wp-json\/wp\/v2\/media?parent=122485"}],"wp:term":[{"taxonomy":"category","embeddable":true,"href":"https:\/\/linitiative.ca\/International\/wp-json\/wp\/v2\/categories?post=122485"},{"taxonomy":"post_tag","embeddable":true,"href":"https:\/\/linitiative.ca\/International\/wp-json\/wp\/v2\/tags?post=122485"}],"curies":[{"name":"wp","href":"https:\/\/api.w.org\/{rel}","templated":true}]}}