{"id":122487,"date":"2021-07-26T12:31:55","date_gmt":"2021-07-26T16:31:55","guid":{"rendered":"https:\/\/linitiative.ca\/International\/energie-electrique-le-plaidoyer-du-minee-devant-le-secteur-prive\/"},"modified":"2021-07-26T12:31:55","modified_gmt":"2021-07-26T16:31:55","slug":"energie-electrique-le-plaidoyer-du-minee-devant-le-secteur-prive","status":"publish","type":"post","link":"https:\/\/linitiative.ca\/International\/energie-electrique-le-plaidoyer-du-minee-devant-le-secteur-prive\/","title":{"rendered":"Energie \u00e9lectrique : le plaidoyer du Minee devant le secteur priv\u00e9"},"content":{"rendered":"<div>\n<p>L\u2019atelier visait \u00e0 explorer les voies et moyens pour une ma\u00eetrise des charges du combustible pouvant aboutir \u00e0 un meilleur dispatch technique et \u00e9conomique du courant \u00e9lectrique. La rencontre avec le secteur priv\u00e9 avait par ailleurs pour finalit\u00e9 de solliciter une implication de ces derniers au r\u00e9tablissement de l\u2019\u00e9quilibre financier au sein du secteur de l\u2019\u00e9nergie. Dans le cadre de ses travaux tarifaires de l\u2019exercice 2021, l\u2019Arsel a \u00e9mis des pr\u00e9occupations relatives aux charges de combustible utilis\u00e9 pour le fonctionnement des centrales thermiques.<\/p>\n<p><strong>Lire aussi<\/strong> : <strong><a href=\"https:\/\/ecomatin.net\/energie-electrique-le-regulateur-arsel-menacee-de-sanctions-le-distributeur-eneo\/\">\u00c9nergie \u00e9lectrique : le r\u00e9gulateur Arsel menace de sanctions le distributeur Eneo<\/a><\/strong><\/p>\n<p>Il ressort ainsi du rapport diagnostic y relatif une augmentation du co\u00fbt du HFO (Heavy Fuel Oil), la faible disponibilit\u00e9 du barrage de Lagdo, de la centrale de Memve\u2019ele, la persistance des contraintes de congestion du r\u00e9seau de transport de Dibamba et Limbe, ayant un impact sur le tarif de l\u2019\u00e9lectricit\u00e9 et dans la compensation tarifaire de l\u2019\u00c9tat. D\u2019apr\u00e8s le Directeur g\u00e9n\u00e9ral de l\u2019Arsel, les charges de combustible se sont \u00e9lev\u00e9es en 2020 \u00e0 40 milliards de FCFA. Les projections de 2021 tablent sur 82 milliards de FCFA de d\u00e9penses de combustibles pour le fonctionnement des centrales thermiques qui alimentent les R\u00e9seaux interconnect\u00e9s Nord, Sud et Est. \u00abL\u2019ensemble des difficult\u00e9s dans les r\u00e9seaux interconnect\u00e9s a pour cons\u00e9quence non seulement la perturbation de la fourniture \u00e9lectrique mais aussi l\u2019augmentation de certaines charges du secteur, notamment celle li\u00e9e \u00e0 l\u2019achat du combustible d\u00e9di\u00e9 au fonctionnement des centrales thermiques. En effet, le Chef de l\u2019\u00c9tat a ordonn\u00e9 un d\u00e9blocage de 4 milliards de FCFA par mois au titre du soutien de l\u2019\u00c9tat pour l\u2019achat du combustible\u00bb, a indiqu\u00e9 Gaston Eloundou Essomba.<\/p>\n<p><strong>Co\u00fbt \u00e9lev\u00e9 du combustible<\/strong><\/p>\n<p>L\u2019atelier de Douala a ainsi permis d\u2019identifier les actions concr\u00e8tes relevant des comp\u00e9tences respectives des acteurs dont la mise en \u0153uvre permettra l\u2019optimisation du dispatch, de trouver les modalit\u00e9s pour un effacement programm\u00e9 des clients industriels HT et MT sp\u00e9ciaux, de susciter \u00e0 moyen terme un accroissement de la demande industrielle compte tenu du surplus des capacit\u00e9s d\u2019offre de production et de transport suite \u00e0 l\u2019aboutissement de plusieurs projets dans le secteur, indique-t-on \u00e0 l\u2019Arsel. Si les promoteurs des entreprises du secteur priv\u00e9 saluent la d\u00e9marche du Ministre de l\u2019eau et de l\u2019\u00e9nergie et des op\u00e9rateurs du secteur de l\u2019\u00e9nergie, ces derniers d\u00e9noncent \u00abla qualit\u00e9, la quantit\u00e9 et le co\u00fbt de l\u2019\u00e9nergie \u00e9lectrique au Cameroun\u00bb. C\u00e9lestin Tawamba, le Pr\u00e9sident du Groupement interpatronal du Cameroun (Gicam), les entreprises camerounaises sont oblig\u00e9es de subir les surco\u00fbts d\u2019une offre catastrophique de l\u2019\u00e9nergie \u00e9lectrique: groupes \u00e9lectrog\u00e8nes, \u00e9nergie solaire ou thermique. Les statistiques d\u2019Eneo, datant de juin 2021, r\u00e9v\u00e8lent que la consommation moyenne de l\u2019\u00e9nergie \u00e9lectrique des industries s\u2019est situ\u00e9e autour de 2TWH annuellement, entre 2014 et 2020. Alors que la production nationale d\u2019\u00e9lectricit\u00e9 est sans cesse croissante sur la m\u00eame p\u00e9riode.<\/p>\n<p><strong>Lire aussi<\/strong> : <strong><a href=\"https:\/\/ecomatin.net\/energie-electrique-eneo-cede-ses-actifss-de-production-a-sa-filiale-eneo-genco\/\">Energie \u00e9lectrique : Eneo c\u00e8de ses actifs de production \u00e0 sa filiale Eneo-Genco<\/a><\/strong><\/p>\n<p>\u00abAussi afin de r\u00e9duire la charge du combustible, l\u2019\u00c9tat a entrepris de r\u00e9aliser des investissements dans le domaine de la production et du transport \u00e0 l\u2019instar des am\u00e9nagements hydro\u00e9lectriques de Memve\u2019ele, de Nachtigal, de l\u2019interconnexion des r\u00e9seaux Sud et Est, le bouclage des grandes m\u00e9tropoles, l\u2019augmentation des capacit\u00e9s de transformation dans le r\u00e9seau de transport\u00bb, ajoute le Ministre de l\u2019eau et de l\u2019\u00e9nergie. L\u2019atelier de Douala s\u2019est sold\u00e9 par des recommandations portant sur l\u2019ajustement des activit\u00e9s de certains clients industriels HT et MT sp\u00e9ciaux at la pointe, sur des actions permettant aux industries d\u2019op\u00e9rer une migration des appareils thermiques fonctionnant au combustible. Le secteur priv\u00e9 a \u00e9galement \u00e9t\u00e9 appel\u00e9 \u00e0 saisir les opportunit\u00e9s d\u2019investissement dans le secteur de l\u2019\u00e9nergie.<\/p>\n<p><strong>Les entreprises appel\u00e9es \u00e0 participer \u00e0 l\u2019\u00e9quilibre financier du secteur<\/strong><\/p>\n<p>Face aux difficult\u00e9s de production, transport et distribution de l\u2019\u00e9nergie \u00e9lectrique au Cameroun, le gouvernement du Cameroun a d\u00e9cid\u00e9 de mettre \u00e0 contribution le secteur priv\u00e9. Sont particuli\u00e8rement vis\u00e9s, les entreprises Haute tension, Moyenne tension, les grands comptes et les clients sp\u00e9ciaux d\u2019Eneo, l\u2019entreprise de production et de distribution de l\u2019\u00e9nergie \u00e9lectrique au Cameroun. Le Ministre de l\u2019eau et de l\u2019\u00e9nergie propose aux entreprises d\u2019op\u00e9rer une migration des appareils thermiques fonctionnant au combustible (chaudi\u00e8re, four, s\u00e9choir), actuellement utilis\u00e9s, vers des appareils \u00e9lectriques. Plus pr\u00e9cis\u00e9ment, le secteur priv\u00e9 doit abandonner les chaudi\u00e8res thermiques pour les chaudi\u00e8res \u00e9lectriques. Il s\u2019agit concr\u00e8tement d\u2019apr\u00e8s l\u2019\u00c9tat du Cameroun, de mettre \u00e0 la disposition de la production \u00e9nerg\u00e9tique nationale 455 MW autoproduits par les entreprises au profit des entreprises du R\u00e9seau interconnect\u00e9s sud (Centre, Littoral, Sud-ouest, Nord-ouest, Ouest, Sud).<\/p>\n<p><strong>Lire aussi<\/strong> : <strong><a href=\"https:\/\/ecomatin.net\/consommation-electrique-querelle-de-chiffres-entre-eneo-et-le-minee\/\">Consommation \u00e9lectrique : querelle de chiffres entre Eneo et le Minee<\/a><\/strong><\/p>\n<p>La puissance en milieu industriel en termes d\u2019\u00e9quipements thermiques se situe en effet \u00e0 455 MW. Ces derni\u00e8res utilisent \u00e9galement 120 MW de puissance \u00e9lectrique aupr\u00e8s d\u2019Eneo, 100 MW de puissance install\u00e9e issue des groupes \u00e9lectrog\u00e8nes. \u00abLe syst\u00e8me \u00e9lectrique de notre pays fait face depuis quelques ann\u00e9es \u00e0 des difficult\u00e9s qui impactent de mani\u00e8re significative la fourniture de l\u2019\u00e9nergie \u00e9lectrique dans les m\u00e9nages et les industries. En effet, le constat g\u00e9n\u00e9ral fait \u00e9tat de ce que ces probl\u00e8mes se posent diff\u00e9remment sur l\u2019ensemble du territoire selon qu\u2019on se trouve dans l\u2019un des trois r\u00e9seaux interconnect\u00e9s Nord, Sud ou Est\u00bb, confirme Gaston Eloundou Essomba. Le Ministre de l\u2019eau et de l\u2019\u00e9nergie cite parmi les probl\u00e8mes structurels et conjoncturels du secteur de la production, du transport et de la distribution du courant \u00e9lectrique, la v\u00e9tust\u00e9 des \u00e9quipements, la surcharge des \u00e9quipements de transport et de distribution, la chute des poteaux (700.000 supports bois \u00e0 remplacer en b\u00e9ton), les feux de brousse ou l\u2019abattage des arbres, la mauvaise pluviom\u00e9trie, l\u2019indisponibilit\u00e9 des groupes et des centrales thermiques etc.<\/p>\n<p><strong>Lire aussi<\/strong> : <strong><a href=\"https:\/\/ecomatin.net\/electricite-tres-poreuse-pourr-eneo-au-1er-trimestre\/\">\u00c9lectricit\u00e9 tr\u00e8s poreuse pour Eneo au 1er trimestre<\/a><\/strong><\/p>\n<p>En attendant une fourniture optimale du courant \u00e9lectrique \u00e0 l\u2019horizon 2023 (420 MW du barrage de Nachtigal, Memve\u2019ele, Interconnexion des r\u00e9seaux Sud et Est, 350 MW de la centrale thermique \u00e0 gaz de Limbe, 1000 MW issus des barrages de Grand Eweng, 72 MW de la Menchum, 285 MW de Katsina Ala, 600 MW de Chollet, et 500 MW issus de Kikot). D\u2019o\u00f9 la sollicitation du gouvernement camerounais aupr\u00e8s des entreprises camerounaises de grande consommation \u00e9lectrique: \u00abCette d\u00e9marche consiste \u00e0 solliciter des industriels de migrer vers l\u2019utilisation des chaudi\u00e8res et fours \u00e9lectriques. Cela se traduira vers une augmentation de la demande industrielle de 430 MW au moins. Cette migration va stabiliser les charges \u00e9nerg\u00e9tiques des industries car la majorit\u00e9 des chaudi\u00e8res fonctionnent au fioul qui est import\u00e9 et donc soumis aux al\u00e9as du march\u00e9 international. Le secteur priv\u00e9 doit s\u2019impliquer de fa\u00e7on accrue au r\u00e9tablissement de l\u2019\u00e9quilibre financier au sein du secteur\u00bb, pense Jean Pascal Nkou, le Directeur g\u00e9n\u00e9ral d\u2019Arsel. A titre de rappel, le Minist\u00e8re de l\u2019eau et de l\u2019\u00e9nergie chiffre les besoins des segments production, transport, distribution et commercialisation du secteur de l\u2019\u00e9nergie \u00e9lectrique \u00e0 6000 milliards de FCFA.<\/p>\n<p><strong>Lire aussi<\/strong> : <strong><a href=\"https:\/\/ecomatin.net\/secteurr-de-lelectricite-eneo-revendique-des-impayess-de-163-milliards-a-letat\/\">Secteur de l\u2019\u00e9lectricit\u00e9 : Eneo revendique des impay\u00e9s de 163 milliards \u00e0 l\u2019Etat<\/a><\/strong><\/p>\n<p>L\u2019article <a rel=\"nofollow\" href=\"https:\/\/ecomatin.net\/energie-electrique-le-plaidoyer-du-minee-devantt-le-secteurr-prive\/\">Energie \u00e9lectrique : le plaidoyer du Minee devant le secteur priv\u00e9<\/a> est apparu en premier sur <a rel=\"nofollow\" href=\"https:\/\/ecomatin.net\/\">EcoMatin<\/a>.<\/p>\n<\/div>\n<p>Auteur: Georges Semey<br \/>\n<a href=\"https:\/\/ecomatin.net\/energie-electrique-le-plaidoyer-du-minee-devantt-le-secteurr-prive\/\">Cliquez ici pour lire l&rsquo;article depuis sa source.<\/a><\/p>\n","protected":false},"excerpt":{"rendered":"<p>L\u2019atelier visait \u00e0 explorer les voies et moyens pour une ma\u00eetrise des charges du combustible pouvant aboutir \u00e0 un meilleur dispatch technique et \u00e9conomique du courant \u00e9lectrique. La rencontre avec le secteur priv\u00e9 avait par ailleurs pour finalit\u00e9 de solliciter une implication de ces derniers au r\u00e9tablissement de l\u2019\u00e9quilibre financier au sein du secteur de [&hellip;]<\/p>\n","protected":false},"author":1969,"featured_media":0,"comment_status":"closed","ping_status":"closed","sticky":false,"template":"","format":"standard","meta":{"fifu_image_url":"","fifu_image_alt":"","footnotes":""},"categories":[82,78],"tags":[],"class_list":["post-122487","post","type-post","status-publish","format-standard","hentry","category-cameroun","category-economie"],"_links":{"self":[{"href":"https:\/\/linitiative.ca\/International\/wp-json\/wp\/v2\/posts\/122487","targetHints":{"allow":["GET"]}}],"collection":[{"href":"https:\/\/linitiative.ca\/International\/wp-json\/wp\/v2\/posts"}],"about":[{"href":"https:\/\/linitiative.ca\/International\/wp-json\/wp\/v2\/types\/post"}],"author":[{"embeddable":true,"href":"https:\/\/linitiative.ca\/International\/wp-json\/wp\/v2\/users\/1969"}],"replies":[{"embeddable":true,"href":"https:\/\/linitiative.ca\/International\/wp-json\/wp\/v2\/comments?post=122487"}],"version-history":[{"count":0,"href":"https:\/\/linitiative.ca\/International\/wp-json\/wp\/v2\/posts\/122487\/revisions"}],"wp:attachment":[{"href":"https:\/\/linitiative.ca\/International\/wp-json\/wp\/v2\/media?parent=122487"}],"wp:term":[{"taxonomy":"category","embeddable":true,"href":"https:\/\/linitiative.ca\/International\/wp-json\/wp\/v2\/categories?post=122487"},{"taxonomy":"post_tag","embeddable":true,"href":"https:\/\/linitiative.ca\/International\/wp-json\/wp\/v2\/tags?post=122487"}],"curies":[{"name":"wp","href":"https:\/\/api.w.org\/{rel}","templated":true}]}}