{"id":122489,"date":"2021-07-27T07:27:54","date_gmt":"2021-07-27T11:27:54","guid":{"rendered":"https:\/\/linitiative.ca\/International\/nouvelle-publication-reduction-des-risques-le-manifeste-de-sortie-en-aout-prochain\/"},"modified":"2021-07-27T07:27:54","modified_gmt":"2021-07-27T11:27:54","slug":"nouvelle-publication-reduction-des-risques-le-manifeste-de-sortie-en-aout-prochain","status":"publish","type":"post","link":"https:\/\/linitiative.ca\/International\/nouvelle-publication-reduction-des-risques-le-manifeste-de-sortie-en-aout-prochain\/","title":{"rendered":"Nouvelle publication : \u00abR\u00e9duction des risques : le Manifeste\u00bb  de sortie en ao\u00fbt prochain"},"content":{"rendered":"<div>\n<p><img decoding=\"async\" width=\"300\" height=\"153\" src=\"https:\/\/linitiative.ca\/International\/wp-content\/uploads\/sites\/23\/2021\/07\/ReCC81duction-des-risques-le-Manifeste-300x153-1.jpg\" class=\"attachment-medium size-medium wp-post-image\" alt=\"\" loading=\"lazy\" srcset=\"\/\/aujourdhui.ma\/wp-content\/uploads\/2021\/07\/Re\u0301duction-des-risques-le-Manifeste-300x153.jpg 300w, \/\/aujourdhui.ma\/wp-content\/uploads\/2021\/07\/Re\u0301duction-des-risques-le-Manifeste-274x140.jpg 274w, \/\/aujourdhui.ma\/wp-content\/uploads\/2021\/07\/Re\u0301duction-des-risques-le-Manifeste.jpg 746w, \/\/aujourdhui.ma\/wp-content\/uploads\/2021\/07\/Re\u0301duction-des-risques-le-Manifeste-165x84.jpg 165w, \/\/aujourdhui.ma\/wp-content\/uploads\/2021\/07\/Re\u0301duction-des-risques-le-Manifeste-702x358.jpg 702w\" sizes=\"auto, (max-width: 300px) 100vw, 300px\"><\/p>\n<p><span style=\"font-size: 20px; color: #800000;\"><strong>L\u2019objectif de cet ouvrage est de r\u00e9pondre \u00e0 de nombreuses questions que non seulement les malades se posent, mais \u00e9galement les sp\u00e9cialistes, chacun dans son domaine de ma\u00eetrise.<\/strong><\/span><span id=\"more-382641\"><\/span><\/p>\n<p>Le livre \u00abR\u00e9duction des risques : le Manifeste\u00bb sera de sortie en ao\u00fbt prochain. Publi\u00e9 par les \u00e9ditions Orion, en partenariat avec le cabinet Aphorisme consulting, cet ouvrage collectif est, selon ces deux structures, \u00abtr\u00e8s actuel\u00bb. En d\u00e9tail, ce sont plus de 25 sp\u00e9cialistes, dans des domaines divers allant de la sant\u00e9 publique \u00e0 l\u2019anthropologie sociale, en passant par diff\u00e9rentes disciplines m\u00e9dicales, de la philosophie, de la sociologie, de l\u2019analyse macro\u00e9conomique, qui y contribuent.<\/p>\n<p><strong>Un livre marocain pour la communaut\u00e9 mondiale<\/strong><\/p>\n<p>\u00abNous sommes l\u00e0 face \u00e0 un ouvrage tr\u00e8s attendu et qui tombe \u00e0 point nomm\u00e9. Certes, cet ouvrage est initi\u00e9 et \u00e9dit\u00e9 au Maroc, mais il s\u2019adresse \u00e0 la communaut\u00e9 mondiale quelles que soient la r\u00e9gion, la langue et l\u2019identit\u00e9\u00bb, avance la m\u00eame source. Le but \u00e9tant de s\u2019inscrire dans l\u2019universalit\u00e9 du propos en traitant de la r\u00e9duction des risques dans tous les domaines de la vie humaine en proposant des r\u00e9flexions humaines qui peuvent r\u00e9sonner au Maroc comme aux USA, en Grande-Bretagne ou en Afrique, en Asie et ailleurs.<br \/>\nLa particularit\u00e9 de cet ouvrage r\u00e9side, entre autres, dans l\u2019exigence de qualit\u00e9 et l\u2019harmonie des points de vue pour r\u00e9aliser un livre coh\u00e9rent sur une question cruciale qu\u2019est la r\u00e9duction des risques dans la soci\u00e9t\u00e9 humaine aujourd\u2019hui. Dans ce sens, de nombreuses personnalit\u00e9s ont apport\u00e9 ici leurs points de vue, leur analyse, leur approche et leur lecture de la situation mondiale actuelle en ballottement entre certitude scientifique et scepticisme des populations frapp\u00e9es de plein fouet par une crise sanitaire sans pr\u00e9c\u00e9dent.<\/p>\n<p><strong>R\u00e9fl\u00e9chir les politiques de sant\u00e9 publique de demain<\/strong><\/p>\n<p>C\u2019est dans cet esprit que cet ouvrage de r\u00e9f\u00e9rence est, comme le pr\u00e9cisent les structures, initi\u00e9 par le Maroc pour r\u00e9fl\u00e9chir les politiques de sant\u00e9 publique de demain.<br \/>\nCet ouvrage, dirig\u00e9 par Abdelhak Najib, Imane Kendili et Jallal Toufiq, r\u00e9unit des figures comme David Gruson, Martin De Duve, Peter Harper, David Khayat, Jean-Marie Heydt, Jean-Fran\u00e7ois Cl\u00e9ment, Zeina Moukarzel, Abdelaziz Alaoui, Gabriel Malka, Chakib Guessous, Myriam Bahri, Raja Aghzadi, Fabien Brisard, Anass Doukkali, Youssef Mohi, Fares Mili, Amahdou Mahater Ba, Ana\u00efs Fossier, Mohamed Ibrahimi, Najib Bensbia, Sa\u00e2d Taoujni et Mustapha Souieh.<br \/>\nCe sont l\u00e0 plusieurs sensibilit\u00e9s, chacune dans son domaine, chacune selon son exp\u00e9rience et son expertise qui sous-tendent ce projet pour soulever d\u2019autres aspects de la r\u00e9duction des risques, des intellectuels, des philosophes et des \u00e9conomistes qui d\u00e9cortiquent les urgences du monde dans lequel nous sommes oblig\u00e9s de vivre aujourd\u2019hui, avec des menaces sanitaires, sociales, \u00e9conomiques et humaines de grande envergure qui peuvent remettre en cause tout notre syst\u00e8me de valeurs et tout ce que nous consid\u00e9rons comme acquis dans un monde en profonde mutation chancelant dans un d\u00e9s\u00e9quilibre qui fragilise les assises fondamentales de notre soci\u00e9t\u00e9 humaine.<\/p>\n<p><strong>Le cas particulier du Maroc<\/strong><\/p>\n<p>En effet, et pour axer l\u2019analyse sur le Maroc, ce que notre pays traverse depuis plus d\u2019un an et demi, suite \u00e0 cette pand\u00e9mie plan\u00e9taire qui frappe de plein fouet le monde entier, nous montre \u00e0 quel point un ouvrage d\u00e9taill\u00e9, s\u00e9rieusement document\u00e9, faisant intervenir les m\u00e9decins les plus chevronn\u00e9s sur la r\u00e9duction des risques au Maroc et dans le monde, est d\u2019actualit\u00e9 pour ne pas dire urgent. \u00abAujourd\u2019hui plus que jamais, nous avons besoin de nous pencher, avec rigueur, avec d\u00e9termination et avec profondeur sur tous les aspects sanitaires dans notre pays pour faire le point de la situation actuelle, faire le diagnostic des urgences \u00e0 mettre en place et surtout apporter des \u00e9l\u00e9ments de r\u00e9ponse concrets et fiables pour pr\u00e9parer le Royaume \u00e0 faire face \u00e0 des situations sanitaires de crise qui impliquent une meilleure gestion des risques en amont pour \u00e9viter certains ratages, certaines h\u00e9sitations voire certaines pr\u00e9cipitations et surtout certaines d\u00e9rives illogiques qui peuvent avoir de graves cons\u00e9quences\u00bb, ajoute la m\u00eame source.<br \/>\nComme nous l\u2019avons vu et v\u00e9cu, depuis le d\u00e9clenchement de la pand\u00e9mie au Maroc, il a fallu revenir sur ce qui nous semblait des \u00e9vidences: l\u2019hygi\u00e8ne au quotidien, la propret\u00e9 des mains, la propret\u00e9 du corps et la propret\u00e9 des lieux et des espaces communs, une v\u00e9ritable hygi\u00e8ne draconienne de tous les instants pour lutter efficacement contre un virus mortel et invisible. Ceci, sans entrer dans d\u2019autres d\u00e9tails plus pointus qui rel\u00e8vent de la m\u00e9decine pr\u00e9ventive \u00e0 proprement dite dans des domaines divers comme le traitement des cancers, la lutte contre le tabagisme, la virologie, les m\u00e9decines pr\u00e9ventives, la psychiatrie et les pathologies associ\u00e9es, etc. C\u2019est dans cet esprit que cet ouvrage collectif donne la parole \u00e0 de nombreuses sensibilit\u00e9s m\u00e9dicales, riche chacune de son exp\u00e9rience, pour traiter des probl\u00e9matiques primordiales, et ce par rapport \u00e0 diff\u00e9rents types de pathologies. Cela va de la pneumologie aux cancers les plus graves, en passant par les probl\u00e8mes respiratoires, les maladies sexuellement transmissibles, les diff\u00e9rents types de diab\u00e8te, les pathologies m\u00e9taboliques, l\u2019addictologie, la sexologie, la cardiologie, les maladies gastriques et la traumatologie. L\u2019objectif de cet ouvrage est de r\u00e9pondre \u00e0 de nombreuses questions que non seulement les malades se posent, mais \u00e9galement les sp\u00e9cialistes, chacun dans son domaine de ma\u00eetrise. \u00c0 cette r\u00e9flexion s\u2019ajoutent le point de vue philosophique, l\u2019analyse sociologique, l\u2019aspect culturel et humain, la r\u00e9flexion \u00e9conomique et financi\u00e8re, dans un monde en profondes mutations. \u00abNous sommes l\u00e0 face \u00e0 une s\u00e9lection de plusieurs comp\u00e9tences dont le savoir-faire et l\u2019expertise sont av\u00e9r\u00e9s, et qui signent une s\u00e9rie d\u2019\u00e9tudes \u00e0 travers des textes fouill\u00e9s, explicatifs, parfois didactiques, dans un langage simple, pour toucher le plus grand nombre possible de lecteurs au Maroc et \u00e0 l\u2019\u00e9tranger. Sur des centaines de pages, c\u2019est un tour d\u2019horizon complet sur les r\u00e9ductions des risques dans le domaine de la sant\u00e9 (dans toutes ses ramifications) qui est propos\u00e9 \u00e0 la fois au corps m\u00e9dical et aux citoyens, soucieux aujourd\u2019hui d\u2019avoir sous la main des livres de r\u00e9f\u00e9rence \u00e0 m\u00eame de les aider \u00e0 mieux se prot\u00e9ger et \u00e0 traverser les lourdes crises sanitaires et humaines qui nous menacent\u00bb, d\u00e9taille la m\u00eame source. Le tout avec un long chapitre d\u00e9di\u00e9 aux recommandations pour avoir une carte claire avec des donn\u00e9es pr\u00e9cises pour apporter des solutions \u00e0 des probl\u00e9matiques ardues par temps de grave crise. Au fil des 400 pages, le lecteur sera bien servi \u00e0 propos du sujet.<\/p>\n<\/div>\n<p>Auteur: ALM<br \/>\n<a href=\"https:\/\/aujourdhui.ma\/culture\/livre\/nouvelle-publication-reduction-des-risques-le-manifeste-de-sortie-en-aout-prochain\">Cliquez ici pour lire l&rsquo;article depuis sa source.<\/a><\/p>\n","protected":false},"excerpt":{"rendered":"<p>L\u2019objectif de cet ouvrage est de r\u00e9pondre \u00e0 de nombreuses questions que non seulement les malades se posent, mais \u00e9galement les sp\u00e9cialistes, chacun dans son domaine de ma\u00eetrise. Le livre \u00abR\u00e9duction des risques : le Manifeste\u00bb sera de sortie en ao\u00fbt prochain. Publi\u00e9 par les \u00e9ditions Orion, en partenariat avec le cabinet Aphorisme consulting, cet [&hellip;]<\/p>\n","protected":false},"author":1759,"featured_media":0,"comment_status":"closed","ping_status":"closed","sticky":false,"template":"","format":"standard","meta":{"fifu_image_url":"https:\/\/aujourdhui.ma\/wp-content\/uploads\/2021\/07\/Re\u0301duction-des-risques-le-Manifeste-300x153.jpg","fifu_image_alt":"Nouvelle publication : \u00abR\u00e9duction des risques : le Manifeste\u00bb  de sortie en ao\u00fbt prochain","footnotes":""},"categories":[73,54],"tags":[],"class_list":["post-122489","post","type-post","status-publish","format-standard","hentry","category-actualite","category-maroc"],"_links":{"self":[{"href":"https:\/\/linitiative.ca\/International\/wp-json\/wp\/v2\/posts\/122489","targetHints":{"allow":["GET"]}}],"collection":[{"href":"https:\/\/linitiative.ca\/International\/wp-json\/wp\/v2\/posts"}],"about":[{"href":"https:\/\/linitiative.ca\/International\/wp-json\/wp\/v2\/types\/post"}],"author":[{"embeddable":true,"href":"https:\/\/linitiative.ca\/International\/wp-json\/wp\/v2\/users\/1759"}],"replies":[{"embeddable":true,"href":"https:\/\/linitiative.ca\/International\/wp-json\/wp\/v2\/comments?post=122489"}],"version-history":[{"count":0,"href":"https:\/\/linitiative.ca\/International\/wp-json\/wp\/v2\/posts\/122489\/revisions"}],"wp:attachment":[{"href":"https:\/\/linitiative.ca\/International\/wp-json\/wp\/v2\/media?parent=122489"}],"wp:term":[{"taxonomy":"category","embeddable":true,"href":"https:\/\/linitiative.ca\/International\/wp-json\/wp\/v2\/categories?post=122489"},{"taxonomy":"post_tag","embeddable":true,"href":"https:\/\/linitiative.ca\/International\/wp-json\/wp\/v2\/tags?post=122489"}],"curies":[{"name":"wp","href":"https:\/\/api.w.org\/{rel}","templated":true}]}}